{"id":25394,"date":"2025-03-03T23:33:20","date_gmt":"2025-03-04T06:33:20","guid":{"rendered":"https:\/\/www.regioncuatronoticias.com\/?p=25394"},"modified":"2025-03-03T23:33:22","modified_gmt":"2025-03-04T06:33:22","slug":"trudeau-anuncia-aranceles-de-represalia-contra-eu","status":"publish","type":"post","link":"https:\/\/www.regioncuatronoticias.com\/index.php\/2025\/03\/03\/trudeau-anuncia-aranceles-de-represalia-contra-eu\/","title":{"rendered":"Trudeau anuncia aranceles de represalia contra EU"},"content":{"rendered":"\n<p><strong>&#8220;Canad\u00e1 no dejar\u00e1 que esta decisi\u00f3n injustificada quede sin respuesta&#8221;, seg\u00fan un comunicado de la oficina del primer ministro canadiense.<\/strong><\/p>\n\n\n\n<p>Tomado de Aristegui Noticias<\/p>\n\n\n\n<p>Redacci\u00f3n AN \/ AG<\/p>\n\n\n\n<p>Lunes 3 de marzo de 2025<\/p>\n\n\n\n<p>El primer ministro de Canad\u00e1, Justin Trudeau, anunci\u00f3 este lunes a \u00faltima hora que aplicar\u00e1 aranceles de represalia a los productos estadounidenses, despu\u00e9s de que el presidente de Estados Unidos, Donald Trump, confirm\u00f3 tasas del 25% tanto a los productos canadienses como los mexicanos despu\u00e9s de haber pospuesto la medida con la condici\u00f3n de que ambos pa\u00edses demostraran avances en la lucha contra el tr\u00e1fico de fentanilo y la seguridad fronteriza.<\/p>\n\n\n\n<p>\u201cCanad\u00e1 no dejar\u00e1 que esta decisi\u00f3n injustificada quede sin respuesta. Si los aranceles estadounidenses entran en vigor esta noche, Canad\u00e1 responder\u00e1, a partir de las 00.01 (hora local), con aranceles del 25% contra 155 mil millones de d\u00f3lares de productos estadounidenses, comenzando con aranceles sobre 30.000 millones de d\u00f3lares de forma inmediata y sobre los 125 mil millones restantes en 21 d\u00edas\u201d, se\u00f1ala un comunicado de la oficina del primer ministro canadiense.<\/p>\n\n\n\n<p>Asimismo, ha asegurado que sus aranceles \u201cpermanecer\u00e1n vigentes hasta que Estados Unidos retire dicha medida comercial\u201d: \u201cSi bien instamos a la Administraci\u00f3n estadounidense a que reconsidere sus aranceles, nos mantenemos firmes en la defensa de nuestra econom\u00eda, nuestros empleos, nuestros trabajadores y un trato justo\u201d, ha expresado, antes de subrayar que, \u201cdebido a los aranceles\u201d de Trump, los estadounidenses \u201cpagar\u00e1n m\u00e1s\u201d y, \u201cpotencialmente, perder\u00e1n miles de puestos de trabajo\u201d.<\/p>\n\n\n\n<p>Mientras que ha agregado que \u201clos aranceles perturbar\u00e1n una relaci\u00f3n comercial incre\u00edblemente exitosa\u201d y \u201cviolar\u00e1n el mismo acuerdo comercial que negoci\u00f3 Trump en su \u00faltimo mandato\u201d, ha defendido que las autoridades canadienses han cumplido con las medidas negociadas en las \u00faltimas semanas con la Casa Blanca, lo que ha hecho que las incautaciones de fentanilo han ca\u00eddo un 97 por ciento en solamente un mes, llegando a un m\u00ednimo de 0,03 libras (1,36 kilogramos).<\/p>\n\n\n\n<p>&nbsp;\u201cSi bien menos del uno por ciento del fentanilo interceptado en la frontera de EU proviene de Canad\u00e1, hemos trabajado incansablemente para abordar este flagelo que afecta a los canadienses y estadounidenses por igual\u201d, ha aseverado, al tiempo que ha relatado que Ottawa implement\u00f3 un plan fronterizo de 1.300 millones de d\u00f3lares con nuevos helic\u00f3pteros, tropas, m\u00e1s coordinaci\u00f3n y mayores recursos.<\/p>\n\n\n\n<p>Tambi\u00e9n design\u00f3 a un \u2018zar del fentanilo\u2019, incluy\u00f3 a los carteles transnacionales como organizaciones terroristas, lanz\u00f3 la c\u00e9lula de Inteligencia Operativa Conjunta, y est\u00e1 estableciendo una fuerza de ataque conjunta entre Canad\u00e1 y Estados Unidos contra el crimen organizado. (Europa Press)<\/p>\n\n\n\n<p><a href=\"https:\/\/aristeguinoticias.com\/030325\/mundo\/trudeau-anuncia-aranceles-de-represalia-contra-eu\">https:\/\/aristeguinoticias.com\/030325\/mundo\/trudeau-anuncia-aranceles-de-represalia-contra-eu<\/a><\/p>\n","protected":false},"excerpt":{"rendered":"<p>&#8220;Canad\u00e1 no dejar\u00e1 que esta decisi\u00f3n injustificada quede sin respuesta&#8221;, seg\u00fan un comunicado de la oficina del primer ministro canadiense. Tomado de Aristegui Noticias Redacci\u00f3n AN \/ AG Lunes 3 de marzo de 2025 El primer ministro de Canad\u00e1, Justin Trudeau, anunci\u00f3 este lunes a \u00faltima hora que aplicar\u00e1 aranceles de represalia a los productos [&hellip;]<\/p>\n","protected":false},"author":1,"featured_media":25395,"comment_status":"open","ping_status":"open","sticky":false,"template":"","format":"standard","meta":{"content-type":"","footnotes":""},"categories":[114,7,105],"tags":[],"class_list":{"0":"post-25394","1":"post","2":"type-post","3":"status-publish","4":"format-standard","5":"has-post-thumbnail","7":"category-economia","8":"category-internacional","9":"category-principal"},"_links":{"self":[{"href":"https:\/\/www.regioncuatronoticias.com\/index.php\/wp-json\/wp\/v2\/posts\/25394","targetHints":{"allow":["GET"]}}],"collection":[{"href":"https:\/\/www.regioncuatronoticias.com\/index.php\/wp-json\/wp\/v2\/posts"}],"about":[{"href":"https:\/\/www.regioncuatronoticias.com\/index.php\/wp-json\/wp\/v2\/types\/post"}],"author":[{"embeddable":true,"href":"https:\/\/www.regioncuatronoticias.com\/index.php\/wp-json\/wp\/v2\/users\/1"}],"replies":[{"embeddable":true,"href":"https:\/\/www.regioncuatronoticias.com\/index.php\/wp-json\/wp\/v2\/comments?post=25394"}],"version-history":[{"count":1,"href":"https:\/\/www.regioncuatronoticias.com\/index.php\/wp-json\/wp\/v2\/posts\/25394\/revisions"}],"predecessor-version":[{"id":25396,"href":"https:\/\/www.regioncuatronoticias.com\/index.php\/wp-json\/wp\/v2\/posts\/25394\/revisions\/25396"}],"wp:featuredmedia":[{"embeddable":true,"href":"https:\/\/www.regioncuatronoticias.com\/index.php\/wp-json\/wp\/v2\/media\/25395"}],"wp:attachment":[{"href":"https:\/\/www.regioncuatronoticias.com\/index.php\/wp-json\/wp\/v2\/media?parent=25394"}],"wp:term":[{"taxonomy":"category","embeddable":true,"href":"https:\/\/www.regioncuatronoticias.com\/index.php\/wp-json\/wp\/v2\/categories?post=25394"},{"taxonomy":"post_tag","embeddable":true,"href":"https:\/\/www.regioncuatronoticias.com\/index.php\/wp-json\/wp\/v2\/tags?post=25394"}],"curies":[{"name":"wp","href":"https:\/\/api.w.org\/{rel}","templated":true}]}}