{"id":2536,"date":"2023-11-08T15:03:52","date_gmt":"2023-11-08T22:03:52","guid":{"rendered":"https:\/\/www.regioncuatronoticias.com\/?p=2536"},"modified":"2023-11-08T15:03:54","modified_gmt":"2023-11-08T22:03:54","slug":"aprueban-diputados-sonorenses-de-morena-el-presupuesto-de-egresos-de-la-federacion-2024","status":"publish","type":"post","link":"https:\/\/www.regioncuatronoticias.com\/index.php\/2023\/11\/08\/aprueban-diputados-sonorenses-de-morena-el-presupuesto-de-egresos-de-la-federacion-2024\/","title":{"rendered":"Aprueban diputados sonorenses de MORENA el Presupuesto de Egresos de la Federaci\u00f3n 2024"},"content":{"rendered":"\n<p>CIUDAD DE M\u00c9XICO, NOVIEMBRE 7 DE 2023.- Los diputados de Morena y de los partidos integrantes de la Coalici\u00f3n Juntos Hacemos Historia, PT y PVEM, en la 65 Legislatura en la C\u00e1mara de Diputados del Congreso de la Uni\u00f3n, aprobaron la noche de este martes en lo general el Presupuesto de Egresos de la Federaci\u00f3n con 262 votos a favor, inform\u00f3 Heriberto Aguilar Castillo, diputado federal del Distrito 4.<\/p>\n\n\n\n<p>El tambi\u00e9n dirigente estatal de Morena recalc\u00f3 que en este caso los 9 diputados que integran la bancada sonorense votaron a favor del paquete presupuestal que consta de previsiones de gasto e inversi\u00f3n por un total de 9 billones 60 mil millones de pesos y que se trata de dar garant\u00edas de continuidad a los programas de bienestar, los proyectos de infraestructura y la consolidaci\u00f3n del proyecto de transformaci\u00f3n del pa\u00eds, impulsado por el gobierno de Andr\u00e9s Manuel L\u00f3pez Obrador.<\/p>\n\n\n\n<p>\u201cPara nosotros era muy importante esta votaci\u00f3n, pues se trataba de dar nuestro aval a lo que ser\u00e1 el \u00faltimo a\u00f1o de gesti\u00f3n del presidente L\u00f3pez Obrador, y como se trata de cerrar fuerte, dimos nuestro apoyo para que haya recursos suficientes para todos los t\u00f3picos, desde la pensi\u00f3n de adultos mayores y a personas con discapacidad, hasta las becas y programas como Sembrando Vida y J\u00f3venes Construyendo el Futuro, entre muchos otros\u201d, recalc\u00f3.<\/p>\n\n\n\n<p>A su vez el diputado del distrito 1 de SLRC Manuel Baldenebro y Sandra Navarro Conkle de Guaymas, anotaron que con esa aprobaci\u00f3n se da sustento tambi\u00e9n a grandes obras en desarrollo como el parque solar de Puerto Pe\u00f1asco que da pie al Plan Sonora, a obras carreteras importantes como la de Puerto Libertad y la de Guaymas-Chihuahua, la modernizaci\u00f3n del mismo Puerto de Guaymas y la modernizaci\u00f3n de las aduanas en los 6 puertos fronterizos de la entidad.<\/p>\n\n\n\n<p>\u201cHicimos una apuesta por la transformaci\u00f3n de nuestro pa\u00eds y no nos equivocamos, la cuarta transformaci\u00f3n est\u00e1 cambiando M\u00e9xico y necesit\u00e1bamos dar nuestro voto a favor para que el cambio siga\u201d, manifest\u00f3 Amairani Pe\u00f1a, legisladora del distrito 3 con cabecera en Hermosillo.<\/p>\n\n\n\n<p>Brienda V\u00e1zquez de la comunidades Yaquis, Cabecera Guaymas, destac\u00f3 que es necesario para el pa\u00eds que el gobierno de L\u00f3pez Obrador cierre fuerte y sostenga los distintos programas como justicia para el pueblo Yaqui y las dem\u00e1s etnias hermanas.<\/p>\n\n\n\n<p>\u201cEra necesario garantizar los recursos para que nuestros adultos mayores reciban a partir de enero pr\u00f3ximo 6 mil pesos al bimestre y que nuestro estado sea m\u00e1s competitivo para generar empleos captando inversiones productivas y eso pasa por los grandes proyectos de infraestructura en marcha\u201d, acot\u00f3 a su vez Judith T\u00e1nor\u00ed, del distrito 5 con cabecera en Hermosillo.<\/p>\n\n\n\n<p>Gabriela Mart\u00ednez del distrito 6 con cabecera en Cajeme consider\u00f3 que los diputados de la oposici\u00f3n no corresponden con esa visi\u00f3n y que por eso votaron en contra.<\/p>\n\n\n\n<p>\u201cNo quieren el desarrollo de M\u00e9xico, quieren acabar con los programas de bienestar, est\u00e1n en contra del bienestar del pueblo\u201d, recalc\u00f3 Heriberto Aguilar.<\/p>\n\n\n\n<p>Los 9 legisladores de Sonora que votaron a favor de la aprobaci\u00f3n del presupuesto son Manuel Baldenebro (Distrito 1, San Luis R\u00edo Colorado), Ana Laura Bernal (Distrito 2, Nogales), Amairani Pe\u00f1a Escalante (Distrito 3, Hermosillo), Heriberto Aguilar Castillo (Distrito 4, Guaymas-Sierra), Judith Tanor\u00ed (Distrito 5, Hermosillo), Gabriela Mart\u00ednez (Distrito 6, Cajeme), Shirley V\u00e1zquez (Distrito 7, Navojoa) y las de representaci\u00f3n proporcional Sandra Navarro Conkle y Brianda Aurora V\u00e1zquez \u00c1lvarez.<\/p>\n","protected":false},"excerpt":{"rendered":"<p>CIUDAD DE M\u00c9XICO, NOVIEMBRE 7 DE 2023.- Los diputados de Morena y de los partidos integrantes de la Coalici\u00f3n Juntos Hacemos Historia, PT y PVEM, en la 65 Legislatura en la C\u00e1mara de Diputados del Congreso de la Uni\u00f3n, aprobaron la noche de este martes en lo general el Presupuesto de Egresos de la Federaci\u00f3n [&hellip;]<\/p>\n","protected":false},"author":1,"featured_media":2537,"comment_status":"open","ping_status":"open","sticky":false,"template":"","format":"standard","meta":{"content-type":"","footnotes":""},"categories":[117,8,105],"tags":[],"class_list":{"0":"post-2536","1":"post","2":"type-post","3":"status-publish","4":"format-standard","5":"has-post-thumbnail","7":"category-general","8":"category-hermosillo","9":"category-principal"},"_links":{"self":[{"href":"https:\/\/www.regioncuatronoticias.com\/index.php\/wp-json\/wp\/v2\/posts\/2536","targetHints":{"allow":["GET"]}}],"collection":[{"href":"https:\/\/www.regioncuatronoticias.com\/index.php\/wp-json\/wp\/v2\/posts"}],"about":[{"href":"https:\/\/www.regioncuatronoticias.com\/index.php\/wp-json\/wp\/v2\/types\/post"}],"author":[{"embeddable":true,"href":"https:\/\/www.regioncuatronoticias.com\/index.php\/wp-json\/wp\/v2\/users\/1"}],"replies":[{"embeddable":true,"href":"https:\/\/www.regioncuatronoticias.com\/index.php\/wp-json\/wp\/v2\/comments?post=2536"}],"version-history":[{"count":1,"href":"https:\/\/www.regioncuatronoticias.com\/index.php\/wp-json\/wp\/v2\/posts\/2536\/revisions"}],"predecessor-version":[{"id":2538,"href":"https:\/\/www.regioncuatronoticias.com\/index.php\/wp-json\/wp\/v2\/posts\/2536\/revisions\/2538"}],"wp:featuredmedia":[{"embeddable":true,"href":"https:\/\/www.regioncuatronoticias.com\/index.php\/wp-json\/wp\/v2\/media\/2537"}],"wp:attachment":[{"href":"https:\/\/www.regioncuatronoticias.com\/index.php\/wp-json\/wp\/v2\/media?parent=2536"}],"wp:term":[{"taxonomy":"category","embeddable":true,"href":"https:\/\/www.regioncuatronoticias.com\/index.php\/wp-json\/wp\/v2\/categories?post=2536"},{"taxonomy":"post_tag","embeddable":true,"href":"https:\/\/www.regioncuatronoticias.com\/index.php\/wp-json\/wp\/v2\/tags?post=2536"}],"curies":[{"name":"wp","href":"https:\/\/api.w.org\/{rel}","templated":true}]}}