{"id":25356,"date":"2025-03-02T20:25:10","date_gmt":"2025-03-03T03:25:10","guid":{"rendered":"https:\/\/www.regioncuatronoticias.com\/?p=25356"},"modified":"2025-03-02T20:25:12","modified_gmt":"2025-03-03T03:25:12","slug":"que-bueno-que-los-desterraron-ojala-pronto-sean-100-mas","status":"publish","type":"post","link":"https:\/\/www.regioncuatronoticias.com\/index.php\/2025\/03\/02\/que-bueno-que-los-desterraron-ojala-pronto-sean-100-mas\/","title":{"rendered":"Qu\u00e9 bueno que los desterraron; ojal\u00e1 pronto sean 100 m\u00e1s"},"content":{"rendered":"\n<p><strong>Columna Mensajes<\/strong><\/p>\n\n\n\n<p><strong>Gilberto Armenta Reyes<\/strong><\/p>\n\n\n\n<p><strong>Qu\u00e9 bueno que los desterraron; ojal\u00e1 pronto sean 100 m\u00e1s.<\/strong><\/p>\n\n\n\n<p><strong>Domingo 2 de marzo de&nbsp; 2025<\/strong><\/p>\n\n\n\n<p>No importa el contexto de la masiva extradici\u00f3n de criminales a Estados Unidos. No \u201cliase\u201d si fue por presi\u00f3n de su presidente Donald Trump a Claudia Sheinbaum, ejecutiva federal mexicana, o si la amenaza de los aranceles intervino.<\/p>\n\n\n\n<p>Qu\u00e9 importa si el titular de la Secretar\u00eda de Seguridad P\u00fablica Omar Garc\u00eda Harfuch se brinc\u00f3 las trancas o no; o si el Fiscal General de la Rep\u00fablica, Alejandro Gertz Manero obedeci\u00f3 m\u00e1s al titular de Econom\u00eda, Marcelo Ebrard que al coordinador de MORENA en el Senado de la Rep\u00fablica, Ad\u00e1n Augusto L\u00f3pez.<\/p>\n\n\n\n<p>Qu\u00e9 nadie se fije si los jueces \u201clos quer\u00edan liberar\u201d, o si las extradiciones se retrasaron por m\u00faltiples amparos. \u00a1Vaya, hasta se andan peleando entre s\u00ed diciendo que fue un destierro y no extradici\u00f3n! Somos muy simplones a veces.<\/p>\n\n\n\n<p>Aqu\u00ed lo importantes es:<\/p>\n\n\n\n<p>1- Los criminales \u201cnarcos\u201d y jefes de sicarios ya saben que no habr\u00e1 protecci\u00f3n para ellos en las c\u00e1rceles; criminales detenidos o libres, terminar\u00e1n con los \u201cgringos\u201d.<\/p>\n\n\n\n<p>2- Que nadie tema una invasi\u00f3n norteamericana, o una intervenci\u00f3n a nuestra soberan\u00eda nacional. El crimen organizado en M\u00e9xico ya no es una cuesti\u00f3n de Estado, sino de absoluta seguridad nacional, y para garantizar esta seguridad, se debe cooperar y permitir la cooperaci\u00f3n internacional.<\/p>\n\n\n\n<p>3- Los capos, de todos los niveles operan impunemente desde las c\u00e1rceles mexicanas. Ya en prisiones de Estados Unidos, esa acci\u00f3n criminal ser\u00e1, si no contenida en absoluto, s\u00ed sumamente limitada.<\/p>\n\n\n\n<p>4- Los sicarios, los capos, los delincuentes, son cobardes; est\u00e1n acostumbrados a matar por la espalda: Conforme a los vayan enfrentando a un ambiente del que no tienen control, y conforme los pongan de frente a la pena de muerte como castigo, se les van a caer los pantalones, y ese efecto de terror, les llegar\u00e1 a M\u00e9xico.<\/p>\n\n\n\n<p>5- Las mafias existir\u00e1n siempre. El narcotr\u00e1fico ser\u00e1, para infortunio de todos, un redituable negocio transgeneracional, que igual sufren todos los pa\u00edses. El problema es que en M\u00e9xico estos delincuentes tomaron el control del Estado, controlando, incluso elecciones, no digamos ya solo territorios. Es urgente que el Estado retome su condici\u00f3n absoluta de gobernabilidad, junto con su capacidad de mantener a raya, contenida, a la delincuencia organizada.<\/p>\n\n\n\n<p>Fueron 29 criminales extraditados esta vez. En caridad de Dios, yo espero que muy pronto estemos hablando de 50 y hasta de 100 delincuentes entregados a Estados Unidos, desterrados, todos en calidad de anatemas.<\/p>\n","protected":false},"excerpt":{"rendered":"<p>Columna Mensajes Gilberto Armenta Reyes Qu\u00e9 bueno que los desterraron; ojal\u00e1 pronto sean 100 m\u00e1s. Domingo 2 de marzo de&nbsp; 2025 No importa el contexto de la masiva extradici\u00f3n de criminales a Estados Unidos. No \u201cliase\u201d si fue por presi\u00f3n de su presidente Donald Trump a Claudia Sheinbaum, ejecutiva federal mexicana, o si la amenaza [&hellip;]<\/p>\n","protected":false},"author":1,"featured_media":25357,"comment_status":"open","ping_status":"open","sticky":false,"template":"","format":"standard","meta":{"content-type":"","footnotes":""},"categories":[110],"tags":[],"class_list":{"0":"post-25356","1":"post","2":"type-post","3":"status-publish","4":"format-standard","5":"has-post-thumbnail","7":"category-gilberto-armenta-reyes"},"_links":{"self":[{"href":"https:\/\/www.regioncuatronoticias.com\/index.php\/wp-json\/wp\/v2\/posts\/25356","targetHints":{"allow":["GET"]}}],"collection":[{"href":"https:\/\/www.regioncuatronoticias.com\/index.php\/wp-json\/wp\/v2\/posts"}],"about":[{"href":"https:\/\/www.regioncuatronoticias.com\/index.php\/wp-json\/wp\/v2\/types\/post"}],"author":[{"embeddable":true,"href":"https:\/\/www.regioncuatronoticias.com\/index.php\/wp-json\/wp\/v2\/users\/1"}],"replies":[{"embeddable":true,"href":"https:\/\/www.regioncuatronoticias.com\/index.php\/wp-json\/wp\/v2\/comments?post=25356"}],"version-history":[{"count":1,"href":"https:\/\/www.regioncuatronoticias.com\/index.php\/wp-json\/wp\/v2\/posts\/25356\/revisions"}],"predecessor-version":[{"id":25358,"href":"https:\/\/www.regioncuatronoticias.com\/index.php\/wp-json\/wp\/v2\/posts\/25356\/revisions\/25358"}],"wp:featuredmedia":[{"embeddable":true,"href":"https:\/\/www.regioncuatronoticias.com\/index.php\/wp-json\/wp\/v2\/media\/25357"}],"wp:attachment":[{"href":"https:\/\/www.regioncuatronoticias.com\/index.php\/wp-json\/wp\/v2\/media?parent=25356"}],"wp:term":[{"taxonomy":"category","embeddable":true,"href":"https:\/\/www.regioncuatronoticias.com\/index.php\/wp-json\/wp\/v2\/categories?post=25356"},{"taxonomy":"post_tag","embeddable":true,"href":"https:\/\/www.regioncuatronoticias.com\/index.php\/wp-json\/wp\/v2\/tags?post=25356"}],"curies":[{"name":"wp","href":"https:\/\/api.w.org\/{rel}","templated":true}]}}