{"id":25347,"date":"2025-03-02T18:27:29","date_gmt":"2025-03-03T01:27:29","guid":{"rendered":"https:\/\/www.regioncuatronoticias.com\/?p=25347"},"modified":"2025-03-02T18:27:32","modified_gmt":"2025-03-03T01:27:32","slug":"que-pedira-el-senor-trump-las-proximas-horas","status":"publish","type":"post","link":"https:\/\/www.regioncuatronoticias.com\/index.php\/2025\/03\/02\/que-pedira-el-senor-trump-las-proximas-horas\/","title":{"rendered":"\u00bfQu\u00e9 pedir\u00e1 el se\u00f1or Trump las pr\u00f3ximas horas?"},"content":{"rendered":"\n<p><strong>Columna De Primera Mano<\/strong><\/p>\n\n\n\n<p><strong>Francisco Javier Ruiz Quirr\u00edn<\/strong><\/p>\n\n\n\n<p><strong>\u00bfQu\u00e9 pedir\u00e1 el se\u00f1or Trump las pr\u00f3ximas horas?<\/strong><\/p>\n\n\n\n<p><strong>Lunes 3 de marzo de 2025<\/strong><\/p>\n\n\n\n<p><strong>EL PRESIDENTE<\/strong> de los Estados Unidos debe estar consciente de que uni\u00f3 a Europa en su contra luego de la discusi\u00f3n ante los ojos del mundo que sostuvo con el presidente de Ukrania, Volodimir Selenski y podr\u00eda buscar qui\u00e9n se la pague.<\/p>\n\n\n\n<p>Porque no puede continuar en modo \u201camenazas\u201d como perro que ladra y tal vez se atreva a cumplirlas para dar una demostraci\u00f3n de fuerza. Ah\u00ed es donde pudiera entrar M\u00e9xico.<\/p>\n\n\n\n<p>Y es que Trump es un personaje que no honra a su palabra. En las conversaciones con la presidenta Sheinbaum, se ha dado el lujo de anunciar su versi\u00f3n contradiciendo a la mandataria mexicana y m\u00e1s recientemente, declarar que pausar\u00eda hasta el 2 de abril la imposici\u00f3n de aranceles y horas despu\u00e9s, regresar al 4 de marzo.<\/p>\n\n\n\n<p>Y esta \u00faltima fecha es ma\u00f1ana. A como est\u00e1n las cosas, en la entrevista sostenida por los integrantes de los gabinetes de seguridad de M\u00e9xico y los Estados Unidos -hace unos d\u00edas en Washington-, podr\u00eda haberse llegado a un acuerdo con los vecinos del norte y en los hechos, hacer otra cosa.<\/p>\n\n\n\n<p>Debemos aceptar que el secretario de seguridad p\u00fablica y el titular de la Fiscal\u00eda General de la Rep\u00fablica, -Omar Garc\u00eda Harfuch y Alejandro Gertz Manero- hicieron este viaje para informar al equipo de Trump que las exigencias impuestas por la Casa Blanca se hab\u00edan cumplido.<\/p>\n\n\n\n<p>En migraci\u00f3n, las caravanas se han suspendido y en materia de combate al tr\u00e1fico de drogas, no solo se han registrado importantes decomisos y detenciones de l\u00edderes de la delincuencia organizada sino que, como \u201ccerezas en el pastel\u201d, el gobierno de M\u00e9xico les hizo un obsequio muy especial: Enviar a Estados Unidos a 29 c\u00e9lebres narcotraficantes, encabezados por Rafael Caro Quintero y con \u00e9l consumar una venganza \u201cgringa\u201d por el asesinato del agente de la DEA, Enrique Camarena.<\/p>\n\n\n\n<p>\u00bfSer\u00e1 suficiente estos regalos mexicanos para evitar que Trump imponga este martes aranceles a las exportaciones mexicanas?<\/p>\n\n\n\n<p>En las pr\u00f3ximas horas conoceremos solo dos respuestas. La primera, pausar la imposici\u00f3n y, la segunda, aplicar estas tarifas.<\/p>\n\n\n\n<p><strong>POR CIERTO,<\/strong> al justificar esta entrega de \u201cnarcos\u201d, Garc\u00eda Harfuch utiliz\u00f3 la corrupci\u00f3n en el Poder Judicial Federal\u2026 Dio a entender que los jueces estar\u00edan dispuestos a dejar en libertad a estos delincuentes y como todos ellos est\u00e1n siendo requeridos por el gobierno norteamericano, simplemente se procedi\u00f3\u2026 La justificaci\u00f3n no fue muy convincente, sobre todo con el hecho de que tal acci\u00f3n no puede calificarse como una \u201cextradici\u00f3n\u201d, sino como una \u201centrega\u201d ya que varios integrantes de ese grupo de 29 contaban con amparo precisamente para evitar ser enviados a los Estados Unidos\u2026. Adem\u00e1s, Caro Quintero, Carrillo Fuentes, los jefes de \u201clos zetas\u201d y otros m\u00e1s, no andaban en la calle, sino que hab\u00edan sido que estaban tras las rejas y procesados, dentro de un proceso o sentenciados por parte del Poder Judicial Federal\u2026 En fin.<\/p>\n\n\n\n<p><strong><em>DE <\/em>PALACIO<\/strong> de gobierno informan que el titular del Ejecutivo, Alfonso Durazo, sostuvo un encuentro con representantes de FOXCONN, empresa l\u00edder en manufactura electr\u00f3nica, que est\u00e1 dispuesta a invertir en Sonora en proyectos de impacto global en industrias relacionadas con la electromovilidad y tecnolog\u00eda sustentable.<\/p>\n\n\n\n<p><strong>EN HERMOSILLO,<\/strong> reportan reuni\u00f3n regional de presidentes municipales de la capital del pa\u00eds, donde su vocero de la Asociaci\u00f3n Nacional, Marco Antonio Bonilla Mendoza, de Chihuahua, no solo agradeci\u00f3 a Antonio Astiazar\u00e1n Guti\u00e9rrez su anfitrion\u00eda, sino que adem\u00e1s, lo calific\u00f3 de \u201cinnovador\u201d y reconoci\u00f3 como el mejor presidente municipal del pa\u00eds\u2026. El uso de la energ\u00eda solar y la reconversi\u00f3n de las unidades m\u00f3viles al sistema el\u00e9ctrico, incluyendo las patrullas, estar\u00e1n imit\u00e1ndose en otras capitales de M\u00e9xico.<\/p>\n\n\n\n<p><strong>BUENAS<\/strong> noticias del Instituto Mexicano del Seguro Social en Sonora\u2026 La m\u00e1s reciente, el multi-transplante de \u00f3rganos que beneficiar\u00e1 a m\u00e1s de cien personas para prolongar su vida\u2026 Desde luego, esto se logr\u00f3 gracias a la voluntad de la familia de una persona diagnosticada con muerte cerebral.<\/p>\n","protected":false},"excerpt":{"rendered":"<p>Columna De Primera Mano Francisco Javier Ruiz Quirr\u00edn \u00bfQu\u00e9 pedir\u00e1 el se\u00f1or Trump las pr\u00f3ximas horas? Lunes 3 de marzo de 2025 EL PRESIDENTE de los Estados Unidos debe estar consciente de que uni\u00f3 a Europa en su contra luego de la discusi\u00f3n ante los ojos del mundo que sostuvo con el presidente de Ukrania, [&hellip;]<\/p>\n","protected":false},"author":1,"featured_media":25348,"comment_status":"open","ping_status":"open","sticky":false,"template":"","format":"standard","meta":{"content-type":"","footnotes":""},"categories":[124],"tags":[],"class_list":{"0":"post-25347","1":"post","2":"type-post","3":"status-publish","4":"format-standard","5":"has-post-thumbnail","7":"category-francisco-javier-ruiz-quirrin"},"_links":{"self":[{"href":"https:\/\/www.regioncuatronoticias.com\/index.php\/wp-json\/wp\/v2\/posts\/25347","targetHints":{"allow":["GET"]}}],"collection":[{"href":"https:\/\/www.regioncuatronoticias.com\/index.php\/wp-json\/wp\/v2\/posts"}],"about":[{"href":"https:\/\/www.regioncuatronoticias.com\/index.php\/wp-json\/wp\/v2\/types\/post"}],"author":[{"embeddable":true,"href":"https:\/\/www.regioncuatronoticias.com\/index.php\/wp-json\/wp\/v2\/users\/1"}],"replies":[{"embeddable":true,"href":"https:\/\/www.regioncuatronoticias.com\/index.php\/wp-json\/wp\/v2\/comments?post=25347"}],"version-history":[{"count":1,"href":"https:\/\/www.regioncuatronoticias.com\/index.php\/wp-json\/wp\/v2\/posts\/25347\/revisions"}],"predecessor-version":[{"id":25349,"href":"https:\/\/www.regioncuatronoticias.com\/index.php\/wp-json\/wp\/v2\/posts\/25347\/revisions\/25349"}],"wp:featuredmedia":[{"embeddable":true,"href":"https:\/\/www.regioncuatronoticias.com\/index.php\/wp-json\/wp\/v2\/media\/25348"}],"wp:attachment":[{"href":"https:\/\/www.regioncuatronoticias.com\/index.php\/wp-json\/wp\/v2\/media?parent=25347"}],"wp:term":[{"taxonomy":"category","embeddable":true,"href":"https:\/\/www.regioncuatronoticias.com\/index.php\/wp-json\/wp\/v2\/categories?post=25347"},{"taxonomy":"post_tag","embeddable":true,"href":"https:\/\/www.regioncuatronoticias.com\/index.php\/wp-json\/wp\/v2\/tags?post=25347"}],"curies":[{"name":"wp","href":"https:\/\/api.w.org\/{rel}","templated":true}]}}