{"id":25344,"date":"2025-03-02T18:02:28","date_gmt":"2025-03-03T01:02:28","guid":{"rendered":"https:\/\/www.regioncuatronoticias.com\/?p=25344"},"modified":"2025-03-02T18:02:32","modified_gmt":"2025-03-03T01:02:32","slug":"tras-extradicion-de-caro-quintero-vuelve-la-version-de-investigacion-contra-bartlett-en-eu","status":"publish","type":"post","link":"https:\/\/www.regioncuatronoticias.com\/index.php\/2025\/03\/02\/tras-extradicion-de-caro-quintero-vuelve-la-version-de-investigacion-contra-bartlett-en-eu\/","title":{"rendered":"Tras extradici\u00f3n de Caro Quintero, vuelve la versi\u00f3n de investigaci\u00f3n contra Bartlett en EU"},"content":{"rendered":"\n<p><strong>En septiembre pasado, EU desclasific\u00f3 un memorando de 1986 enviado al FBI desde su Embajada. La amenaza del exdirector de CFE a un periodista por hablar de Kiki Camarena.<\/strong><\/p>\n\n\n\n<p>Tomado de La Pol\u00edtica On Line<\/p>\n\n\n\n<p>Redacci\u00f3n<\/p>\n\n\n\n<p>Domingo 2 de marzo de 2025<\/p>\n\n\n\n<p>En septiembre pasado, en del esc\u00e1ndalo por el arresto de Ismael &#8220;el Mayo&#8221; Zambada&#8221;, el Gobierno de Estados Unidos desclasific\u00f3 un memorando enviado en marzo de 1986 desde su Embajada en M\u00e9xico al director del FBI en el que se consignan las sospechas sobre Manuel Bartlett, entonces Secretario de Gobernaci\u00f3n, quien habr\u00eda trabajado con los narcotraficantes que secuestraron y mataron a Enrique &#8220;Kiki&#8221; Camarena.<\/p>\n\n\n\n<p>El homicidio en M\u00e9xico en 1985 del agente de la DEA a manos de sicarios del capo Rafael Caro Quintero. Oficialmente, para la agencia antidrogas de Estados Unidos, Bartlett D\u00edaz tuvo un grado de participaci\u00f3n en el asesinato de su agente (al menos como testigo de la tortura), aun cuando el expriista lo ha negado una y otra vez. Un demonio de su pasado que parec\u00eda perseguirlo sin consecuencias, hasta ahora.<\/p>\n\n\n\n<p>Se trata de un caso viejo que sigue despertando un apasionado inter\u00e9s entre oficiales de Estados Unidos, en particular de aquellos que han luchado contra los c\u00e1rteles de la droga. El propio Caro Quintero recibi\u00f3 un trato especial el jueves de la semana pasada: fue recibido por docenas de agentes de la DEA en el aeropuerto que lo escoltaron como un &#8220;trofeo&#8221;, y en la corte de Nueva York el capo de capos del C\u00e1rtel de Guadalajara fue esposado con unas esposas que pertenecieron en Kiki Camarena.<\/p>\n\n\n\n<p>Esta redacci\u00f3n inform\u00f3 sobre la molestia de la Casa Blanca con las pol\u00edticas energ\u00e9ticas de la 4T, impulsadas desde la administraci\u00f3n de Andr\u00e9s Manuel L\u00f3pez Obrador y continuadas por Claudia Sheinbaum, que le apuestan a una mayor soberan\u00eda nacional respecto de la compra de combust\u00f3leos a Estados Unidos. Obra que ejecut\u00f3 Barttlet como director de la Comisi\u00f3n Federal de Electricidad.<\/p>\n\n\n\n<p>Con la creaci\u00f3n de la Refiner\u00eda Olmeca en Dos Bocas, por un lado, y por otro lado y principalmente, con la compra de CFE de 13 plantas el\u00e9ctricas a Iberdrola, esa pol\u00edtica ha sido exitosa y va por buen camino. Sin embargo, para la administraci\u00f3n de Donald Trump no hay espacio para arranques soberanistas al sur de su frontera. De ah\u00ed que celebraran que con la designaci\u00f3n de la ingeniera Emilia Esther Calleja en la CFE, M\u00e9xico se apartar\u00eda del camino que comenz\u00f3 Bartlett.<\/p>\n\n\n\n<p><strong>Harfuch sobre el traslado de 29 capos a EU: &#8220;Hab\u00eda riesgo de que fueran liberados por jueces&#8221;<\/strong><\/p>\n\n\n\n<p>Pero no ocurri\u00f3, Emilia Esther Calleja contin\u00faa el trabajo de Bartlett, lo cual no da garant\u00eda alguna sobre un futuro sin una investigaci\u00f3n oficial en Estados Unidos contra el tambi\u00e9n exgobernador de Puebla. Al menos se comenta en los esca\u00f1os del grupo parlamentario de Morena en el Senado de la Rep\u00fablica. Ah\u00ed los morenistas recuerdan que recientemente el exdirector de CFE amenaz\u00f3 con demandar a un periodista por confirmar el memorando de septiembre pasado y que tiene cuentas con la justicia estadounidense.<\/p>\n\n\n\n<p>Se trata del corresponsal de la revista Proceso en la Casa Blanca, Jes\u00fas Esquivel, quien afirm\u00f3 que en documento en del Departamento de Estado sobre el caso Camarena se menciona a Bartlett, aunque admiti\u00f3 si &#8220;tienen desarrollada o no los fiscales de ese pa\u00eds&#8221;. Y record\u00f3 que el caso Camarena, tan abierto que Caro Quintero fue un gran intercambio del gobierno de Sheinbaum al gobierno de Trump para acaso saciar su impaciencia ante la impunidad en M\u00e9xico del narcotr\u00e1fico que -asegura Trump- es responsable de la crisis de fentanilo que vive su pa\u00eds. <\/p>\n\n\n\n<p>https:\/\/www.lapoliticaonline.com\/mexico\/politica-mx\/tras-extradicion-de-caro-quintero-vuelven-la-version-de-investigacion-contra-bartlett-en-<\/p>\n","protected":false},"excerpt":{"rendered":"<p>En septiembre pasado, EU desclasific\u00f3 un memorando de 1986 enviado al FBI desde su Embajada. La amenaza del exdirector de CFE a un periodista por hablar de Kiki Camarena. Tomado de La Pol\u00edtica On Line Redacci\u00f3n Domingo 2 de marzo de 2025 En septiembre pasado, en del esc\u00e1ndalo por el arresto de Ismael &#8220;el Mayo&#8221; [&hellip;]<\/p>\n","protected":false},"author":1,"featured_media":25345,"comment_status":"open","ping_status":"open","sticky":false,"template":"","format":"standard","meta":{"content-type":"","footnotes":""},"categories":[7,115,105],"tags":[],"class_list":{"0":"post-25344","1":"post","2":"type-post","3":"status-publish","4":"format-standard","5":"has-post-thumbnail","7":"category-internacional","8":"category-politica","9":"category-principal"},"_links":{"self":[{"href":"https:\/\/www.regioncuatronoticias.com\/index.php\/wp-json\/wp\/v2\/posts\/25344","targetHints":{"allow":["GET"]}}],"collection":[{"href":"https:\/\/www.regioncuatronoticias.com\/index.php\/wp-json\/wp\/v2\/posts"}],"about":[{"href":"https:\/\/www.regioncuatronoticias.com\/index.php\/wp-json\/wp\/v2\/types\/post"}],"author":[{"embeddable":true,"href":"https:\/\/www.regioncuatronoticias.com\/index.php\/wp-json\/wp\/v2\/users\/1"}],"replies":[{"embeddable":true,"href":"https:\/\/www.regioncuatronoticias.com\/index.php\/wp-json\/wp\/v2\/comments?post=25344"}],"version-history":[{"count":1,"href":"https:\/\/www.regioncuatronoticias.com\/index.php\/wp-json\/wp\/v2\/posts\/25344\/revisions"}],"predecessor-version":[{"id":25346,"href":"https:\/\/www.regioncuatronoticias.com\/index.php\/wp-json\/wp\/v2\/posts\/25344\/revisions\/25346"}],"wp:featuredmedia":[{"embeddable":true,"href":"https:\/\/www.regioncuatronoticias.com\/index.php\/wp-json\/wp\/v2\/media\/25345"}],"wp:attachment":[{"href":"https:\/\/www.regioncuatronoticias.com\/index.php\/wp-json\/wp\/v2\/media?parent=25344"}],"wp:term":[{"taxonomy":"category","embeddable":true,"href":"https:\/\/www.regioncuatronoticias.com\/index.php\/wp-json\/wp\/v2\/categories?post=25344"},{"taxonomy":"post_tag","embeddable":true,"href":"https:\/\/www.regioncuatronoticias.com\/index.php\/wp-json\/wp\/v2\/tags?post=25344"}],"curies":[{"name":"wp","href":"https:\/\/api.w.org\/{rel}","templated":true}]}}