{"id":25335,"date":"2025-03-02T16:56:16","date_gmt":"2025-03-02T23:56:16","guid":{"rendered":"https:\/\/www.regioncuatronoticias.com\/?p=25335"},"modified":"2025-03-02T16:56:20","modified_gmt":"2025-03-02T23:56:20","slug":"cooperacion-coordinacion-si-subordinacion-nunca-claudia-sheinbaum-ante-amenaza-de-aranceles-de-trump","status":"publish","type":"post","link":"https:\/\/www.regioncuatronoticias.com\/index.php\/2025\/03\/02\/cooperacion-coordinacion-si-subordinacion-nunca-claudia-sheinbaum-ante-amenaza-de-aranceles-de-trump\/","title":{"rendered":"\u201cCooperaci\u00f3n, coordinaci\u00f3n, s\u00ed; subordinaci\u00f3n, nunca\u201d: Claudia Sheinbaum ante amenaza de aranceles de Trump"},"content":{"rendered":"\n<p><strong>-Claudia Sheinbaum, presidenta de M\u00e9xico, exigi\u00f3 un trato de iguales por parte de Estados Unidos ante la posible reactivaci\u00f3n de aranceles del 25% impuestos por Donald Trump.<\/strong><\/p>\n\n\n\n<p><strong>-A pocas horas de que se reactiven los aranceles de EE.UU. a M\u00e9xico, Claudia Sheinbaum demand\u00f3 un trato de iguales y reiter\u00f3 la soberan\u00eda de M\u00e9xico.<\/strong><\/p>\n\n\n\n<p>Tomado de El Imparcial<\/p>\n\n\n\n<p>Enya M. Contreras y Reuters&nbsp;<\/p>\n\n\n\n<p>Domingo 2 de marzo de 2025<\/p>\n\n\n\n<p>COLIMA.-A pocas horas de que venza el plazo para la activaci\u00f3n de los aranceles impuestos por el presidente de Estados Unidos, Donald Trump, la presidenta de M\u00e9xico, Claudia Sheinbaum Pardo, ha exigido un trato de iguales por parte del vecino del norte. Este llamado se da en un momento cr\u00edtico para las relaciones comerciales y diplom\u00e1ticas entre ambos pa\u00edses, marcado por tensiones en torno a la migraci\u00f3n irregular y el tr\u00e1fico de fentanilo.<\/p>\n\n\n\n<p><strong>Antecedentes de los aranceles<\/strong><\/p>\n\n\n\n<p>Desde antes de asumir la presidencia de Estados Unidos, Donald Trump advirti\u00f3 que impondr\u00eda aranceles del 25% a M\u00e9xico y Canad\u00e1. Una vez en el cargo, cumpli\u00f3 con su amenaza, argumentando que ambos pa\u00edses no estaban haciendo lo suficiente para frenar el tr\u00e1fico de fentanilo y la migraci\u00f3n irregular hacia Estados Unidos. Estos aranceles, que inicialmente fueron suspendidos por 30 d\u00edas tras una llamada entre Sheinbaum y Trump el pasado 3 de febrero, est\u00e1n programados para reactivarse este martes 4 de marzo.<\/p>\n\n\n\n<p><strong>Posici\u00f3n de Sheinbaum<\/strong><\/p>\n\n\n\n<p>En un acto p\u00fablico en el noreste del pa\u00eds, la presidenta Sheinbaum reiter\u00f3 la postura de M\u00e9xico como un pa\u00eds \u201clibre, independiente y soberano\u201d. Subray\u00f3 que M\u00e9xico est\u00e1 dispuesto a colaborar y coordinar con Estados Unidos, pero bajo ninguna circunstancia aceptar\u00e1 la subordinaci\u00f3n. \u201cCooperaci\u00f3n, coordinaci\u00f3n, s\u00ed; subordinaci\u00f3n, nunca\u201d, enfatiz\u00f3 ante cientos de asistentes.<\/p>\n\n\n\n<p>Sheinbaum tambi\u00e9n destac\u00f3 la importancia de los migrantes mexicanos en Estados Unidos, a quienes calific\u00f3 como \u201ch\u00e9roes y hero\u00ednas\u201d. Argument\u00f3 que sin su contribuci\u00f3n, Estados Unidos no ser\u00eda la potencia que es hoy. \u201cSi no hubiera paisanos trabajando en el campo o en los servicios, no habr\u00eda comida sobre la mesa de los estadounidenses ni ser\u00edan lo que son distintos lugares de Estados Unidos\u201d, afirm\u00f3.<\/p>\n\n\n\n<p><strong>Respuesta de Estados Unidos<\/strong><\/p>\n\n\n\n<p>Por su parte, el secretario de Comercio de Estados Unidos, Howard Lutnick, confirm\u00f3 que los aranceles a M\u00e9xico y Canad\u00e1 entrar\u00e1n en vigor este martes, tal como estaba previsto. Sin embargo, se\u00f1al\u00f3 que el presidente Trump determinar\u00e1 los niveles exactos de estos impuestos. Lutnick mencion\u00f3 que ambos pa\u00edses han hecho un \u201ctrabajo razonable\u201d para proteger sus fronteras, pero que la decisi\u00f3n final recae en Trump.<\/p>\n\n\n\n<p>Adem\u00e1s, se espera que el martes Trump aumente los aranceles a China del 10% al 20%, a menos que el pa\u00eds asi\u00e1tico tome medidas concretas para detener el tr\u00e1fico de fentanilo hacia Estados Unidos.<\/p>\n\n\n\n<p><strong>Implicaciones para M\u00e9xico<\/strong><\/p>\n\n\n\n<p>La reactivaci\u00f3n de los aranceles podr\u00eda tener un impacto en la econom\u00eda mexicana, especialmente en sectores clave como la manufactura y el comercio. Sheinbaum ha dejado claro que M\u00e9xico no ceder\u00e1 a presiones y que buscar\u00e1 mantener su soberan\u00eda y dignidad en las negociaciones con Estados Unidos.<\/p>\n\n\n\n<p><a href=\"https:\/\/www.elimparcial.com\/dinero\/2025\/03\/02\/cooperacion-coordinacion-si-subordinacion-nunca-claudia-sheinbaum-ante-amenaza-de-aranceles-de-trump\">https:\/\/www.elimparcial.com\/dinero\/2025\/03\/02\/cooperacion-coordinacion-si-subordinacion-nunca-claudia-sheinbaum-ante-amenaza-de-aranceles-de-trump<\/a><\/p>\n","protected":false},"excerpt":{"rendered":"<p>-Claudia Sheinbaum, presidenta de M\u00e9xico, exigi\u00f3 un trato de iguales por parte de Estados Unidos ante la posible reactivaci\u00f3n de aranceles del 25% impuestos por Donald Trump. -A pocas horas de que se reactiven los aranceles de EE.UU. a M\u00e9xico, Claudia Sheinbaum demand\u00f3 un trato de iguales y reiter\u00f3 la soberan\u00eda de M\u00e9xico. Tomado de [&hellip;]<\/p>\n","protected":false},"author":1,"featured_media":25336,"comment_status":"open","ping_status":"open","sticky":false,"template":"","format":"standard","meta":{"content-type":"","footnotes":""},"categories":[114,7,2,105],"tags":[],"class_list":{"0":"post-25335","1":"post","2":"type-post","3":"status-publish","4":"format-standard","5":"has-post-thumbnail","7":"category-economia","8":"category-internacional","9":"category-negocios","10":"category-principal"},"_links":{"self":[{"href":"https:\/\/www.regioncuatronoticias.com\/index.php\/wp-json\/wp\/v2\/posts\/25335","targetHints":{"allow":["GET"]}}],"collection":[{"href":"https:\/\/www.regioncuatronoticias.com\/index.php\/wp-json\/wp\/v2\/posts"}],"about":[{"href":"https:\/\/www.regioncuatronoticias.com\/index.php\/wp-json\/wp\/v2\/types\/post"}],"author":[{"embeddable":true,"href":"https:\/\/www.regioncuatronoticias.com\/index.php\/wp-json\/wp\/v2\/users\/1"}],"replies":[{"embeddable":true,"href":"https:\/\/www.regioncuatronoticias.com\/index.php\/wp-json\/wp\/v2\/comments?post=25335"}],"version-history":[{"count":1,"href":"https:\/\/www.regioncuatronoticias.com\/index.php\/wp-json\/wp\/v2\/posts\/25335\/revisions"}],"predecessor-version":[{"id":25337,"href":"https:\/\/www.regioncuatronoticias.com\/index.php\/wp-json\/wp\/v2\/posts\/25335\/revisions\/25337"}],"wp:featuredmedia":[{"embeddable":true,"href":"https:\/\/www.regioncuatronoticias.com\/index.php\/wp-json\/wp\/v2\/media\/25336"}],"wp:attachment":[{"href":"https:\/\/www.regioncuatronoticias.com\/index.php\/wp-json\/wp\/v2\/media?parent=25335"}],"wp:term":[{"taxonomy":"category","embeddable":true,"href":"https:\/\/www.regioncuatronoticias.com\/index.php\/wp-json\/wp\/v2\/categories?post=25335"},{"taxonomy":"post_tag","embeddable":true,"href":"https:\/\/www.regioncuatronoticias.com\/index.php\/wp-json\/wp\/v2\/tags?post=25335"}],"curies":[{"name":"wp","href":"https:\/\/api.w.org\/{rel}","templated":true}]}}