{"id":25326,"date":"2025-03-02T16:35:40","date_gmt":"2025-03-02T23:35:40","guid":{"rendered":"https:\/\/www.regioncuatronoticias.com\/?p=25326"},"modified":"2025-03-02T16:35:42","modified_gmt":"2025-03-02T23:35:42","slug":"sergio-javier-molina-martinez-de-chofer-a-aspirante-a-ministro-de-la-scjn","status":"publish","type":"post","link":"https:\/\/www.regioncuatronoticias.com\/index.php\/2025\/03\/02\/sergio-javier-molina-martinez-de-chofer-a-aspirante-a-ministro-de-la-scjn\/","title":{"rendered":"Sergio Javier Molina Mart\u00ednez: De chofer a aspirante a ministro de la SCJN"},"content":{"rendered":"\n<p><strong>Columna Olor A Dinero<\/strong><\/p>\n\n\n\n<p><strong>Feliciano J. Espriella<\/strong><\/p>\n\n\n\n<p><strong>Sergio Javier Molina Mart\u00ednez: De chofer a aspirante a ministro de la SCJN<\/strong><\/p>\n\n\n\n<p><strong>Lunes 3 de marzo de 2025<\/strong><\/p>\n\n\n\n<p><a href=\"https:\/\/oloradinero.com\/vernoticias.php?artid=61706&amp;cat=1\">https:\/\/oloradinero.com\/vernoticias.php?artid=61706&amp;cat=1<\/a><\/p>\n\n\n\n<p><a href=\"https:\/\/oloradinero.com\/vernoticias2.php?artid=61707&amp;cat=66\">https:\/\/oloradinero.com\/vernoticias2.php?artid=61707&amp;cat=66<\/a><\/p>\n\n\n\n<p>Sergio Javier Molina Mart\u00ednez ha forjado su trayectoria en el Poder Judicial sin la sombra de padrinos pol\u00edticos ni afiliaciones partidistas. Su camino hacia la Suprema Corte de Justicia de la Naci\u00f3n (SCJN) es el reflejo de una carrera cimentada en el m\u00e9rito, la independencia y un profundo conocimiento del derecho, factores que lo han posicionado como una figura clave en la justicia mexicana.<\/p>\n\n\n\n<p>En lo personal, he sido algo esc\u00e9ptico sobre el \u00e9xito inmediato de los objetivos de la Reforma Judicial en curso. Sin embargo, considero que hay dos factores que la justifican:<\/p>\n\n\n\n<p>1.\u00a0\u00a0\u00a0 La corrupci\u00f3n, ineficiencia y nepotismo del actual sistema hacen ineludible una reforma profunda.<\/p>\n\n\n\n<p>2.\u00a0\u00a0\u00a0\u00a0Aunque en sus inicios el renovado Poder Judicial pueda operar con m\u00faltiples fallas, no creo que llegue a ser peor que el actual. Por el contrario, podr\u00eda abrir oportunidades para su evoluci\u00f3n y mejora a futuro.<\/p>\n\n\n\n<p><strong>Visita Sonora un aspirante a ministro<\/strong><\/p>\n\n\n\n<p>La contienda por un asiento en la SCJN ha comenzado a tomar forma, y en este escenario, la reciente visita a Sonora del consejero magistrado de la Judicatura Federal, Sergio Javier Molina Mart\u00ednez, resulta significativa. No solo porque es uno de los aspirantes a integrarse a la m\u00e1xima autoridad judicial del pa\u00eds, sino por la historia y el perfil que lo respaldan.<\/p>\n\n\n\n<p>En un encuentro con periodistas en Hermosillo, Molina Mart\u00ednez present\u00f3 su libro La otra reforma laboral en M\u00e9xico, pero lo que realmente acapar\u00f3 la conversaci\u00f3n fueron sus aspiraciones para convertirse en ministro de la SCJN. Con un tono ameno y directo, el magistrado comparti\u00f3 su visi\u00f3n sobre la justicia, la independencia del Poder Judicial y su propia trayectoria, que no ha estado exenta de desaf\u00edos.<\/p>\n\n\n\n<p>Originario de Parral, Chihuahua, e hijo de un trabajador minero, Molina Mart\u00ednez enfatiz\u00f3 que su ascenso en el sistema judicial no fue producto del azar ni de influencias pol\u00edticas. Su historia es peculiar dentro de los c\u00edrculos de la Judicatura: ingres\u00f3 al Poder Judicial hace 23 a\u00f1os como chofer de un magistrado, a pesar de que ya contaba con una licenciatura en Derecho y estaba por concluir un doctorado. Desde ah\u00ed, comenz\u00f3 a escalar en la estructura judicial hasta convertirse en consejero magistrado en 2019 y asumir la responsabilidad de la Comisi\u00f3n de Administraci\u00f3n de la Judicatura Federal.<\/p>\n\n\n\n<p>Durante la charla, Molina Mart\u00ednez fue enf\u00e1tico en declararse apartidista y sin v\u00ednculos con grupos de poder, una postura que considera una fortaleza frente a la opini\u00f3n p\u00fablica y al electorado que decidir\u00e1 qui\u00e9n ocupar\u00e1 los espacios disponibles en la SCJN. El proceso, que comenzar\u00e1 formalmente el 1 de abril, contar\u00e1 con al menos 30 contendientes, entre jueces, acad\u00e9micos y profesionales del Derecho.<\/p>\n\n\n\n<p>M\u00e1s all\u00e1 de sus credenciales, Molina Mart\u00ednez demostr\u00f3 conocer bien el oficio de la impartici\u00f3n de justicia y defendi\u00f3 su posici\u00f3n ante los cuestionamientos de los periodistas. Su discurso se centr\u00f3 en la necesidad de una visi\u00f3n de justicia social y en el fortalecimiento del Poder Judicial como una instituci\u00f3n aut\u00f3noma e imparcial.<\/p>\n\n\n\n<p>Uno de los puntos m\u00e1s llamativos de su intervenci\u00f3n fue su insistencia en que el acceso a la SCJN debe estar basado en m\u00e9ritos y no en relaciones pol\u00edticas. \u201cLlegar a la Corte no es cuesti\u00f3n de padrinos, sino de trabajo\u201d, afirm\u00f3 con convicci\u00f3n. Y en ese sentido, su propio recorrido profesional parece ser el mejor ejemplo de su argumento.<\/p>\n\n\n\n<p>Actualmente, en la lista de los 60 aspirantes a la SCJN, Molina Mart\u00ednez ocupa el puesto 55. Si bien su candidatura a\u00fan debe pasar por filtros y procesos de selecci\u00f3n, su optimismo y determinaci\u00f3n son evidentes. En su mensaje, dej\u00f3 entrever que esta no ser\u00e1 la \u00faltima vez que visite Sonora, pues est\u00e1 dispuesto a recorrer el pa\u00eds para compartir su visi\u00f3n y ganar adeptos en esta contienda.<\/p>\n\n\n\n<p>En un contexto en el que el Poder Judicial enfrenta cuestionamientos y presiones desde distintos frentes, el perfil de los futuros ministros ser\u00e1 clave para definir el rumbo de la justicia en M\u00e9xico. La pregunta es si historias como la de Sergio Javier Molina Mart\u00ednez ser\u00e1n suficientes para convencer a quienes toman las decisiones en el pa\u00eds.<\/p>\n\n\n\n<p>Por hoy fue todo. Gracias por su tolerancia y hasta la pr\u00f3xima.<\/p>\n\n\n\n<p><strong>Twitter: @fjespriella<\/strong><\/p>\n\n\n\n<p><strong>Correo: felicianoespriella@gmail.com<\/strong><\/p>\n\n\n\n<p><\/p>\n","protected":false},"excerpt":{"rendered":"<p>Columna Olor A Dinero Feliciano J. Espriella Sergio Javier Molina Mart\u00ednez: De chofer a aspirante a ministro de la SCJN Lunes 3 de marzo de 2025 https:\/\/oloradinero.com\/vernoticias.php?artid=61706&amp;cat=1 https:\/\/oloradinero.com\/vernoticias2.php?artid=61707&amp;cat=66 Sergio Javier Molina Mart\u00ednez ha forjado su trayectoria en el Poder Judicial sin la sombra de padrinos pol\u00edticos ni afiliaciones partidistas. Su camino hacia la Suprema Corte [&hellip;]<\/p>\n","protected":false},"author":1,"featured_media":25327,"comment_status":"open","ping_status":"open","sticky":false,"template":"","format":"standard","meta":{"content-type":"","footnotes":""},"categories":[127],"tags":[],"class_list":{"0":"post-25326","1":"post","2":"type-post","3":"status-publish","4":"format-standard","5":"has-post-thumbnail","7":"category-olor-a-dinero"},"_links":{"self":[{"href":"https:\/\/www.regioncuatronoticias.com\/index.php\/wp-json\/wp\/v2\/posts\/25326","targetHints":{"allow":["GET"]}}],"collection":[{"href":"https:\/\/www.regioncuatronoticias.com\/index.php\/wp-json\/wp\/v2\/posts"}],"about":[{"href":"https:\/\/www.regioncuatronoticias.com\/index.php\/wp-json\/wp\/v2\/types\/post"}],"author":[{"embeddable":true,"href":"https:\/\/www.regioncuatronoticias.com\/index.php\/wp-json\/wp\/v2\/users\/1"}],"replies":[{"embeddable":true,"href":"https:\/\/www.regioncuatronoticias.com\/index.php\/wp-json\/wp\/v2\/comments?post=25326"}],"version-history":[{"count":1,"href":"https:\/\/www.regioncuatronoticias.com\/index.php\/wp-json\/wp\/v2\/posts\/25326\/revisions"}],"predecessor-version":[{"id":25328,"href":"https:\/\/www.regioncuatronoticias.com\/index.php\/wp-json\/wp\/v2\/posts\/25326\/revisions\/25328"}],"wp:featuredmedia":[{"embeddable":true,"href":"https:\/\/www.regioncuatronoticias.com\/index.php\/wp-json\/wp\/v2\/media\/25327"}],"wp:attachment":[{"href":"https:\/\/www.regioncuatronoticias.com\/index.php\/wp-json\/wp\/v2\/media?parent=25326"}],"wp:term":[{"taxonomy":"category","embeddable":true,"href":"https:\/\/www.regioncuatronoticias.com\/index.php\/wp-json\/wp\/v2\/categories?post=25326"},{"taxonomy":"post_tag","embeddable":true,"href":"https:\/\/www.regioncuatronoticias.com\/index.php\/wp-json\/wp\/v2\/tags?post=25326"}],"curies":[{"name":"wp","href":"https:\/\/api.w.org\/{rel}","templated":true}]}}