{"id":25323,"date":"2025-03-02T16:29:31","date_gmt":"2025-03-02T23:29:31","guid":{"rendered":"https:\/\/www.regioncuatronoticias.com\/?p=25323"},"modified":"2025-03-02T16:29:34","modified_gmt":"2025-03-02T23:29:34","slug":"hermosillo-alcanza-su-mejor-nivel-de-salarios-en-los-ultimos-5-anos","status":"publish","type":"post","link":"https:\/\/www.regioncuatronoticias.com\/index.php\/2025\/03\/02\/hermosillo-alcanza-su-mejor-nivel-de-salarios-en-los-ultimos-5-anos\/","title":{"rendered":"Hermosillo alcanza su mejor nivel de salarios en los \u00faltimos 5 a\u00f1os"},"content":{"rendered":"\n<p><strong>&#8211; La capital de Sonora gobernada por To\u00f1o Astiazar\u00e1n sigue avanzando en la generaci\u00f3n de empleos mejor remunerados<\/strong><\/p>\n\n\n\n<p>Hermosillo, Sonora; 2 de marzo de 2025.- Hermosillo registr\u00f3 el \u00edndice de pobreza laboral m\u00e1s bajo en los \u00faltimos cinco a\u00f1os de acuerdo a cifras del Consejo Nacional de Evaluaci\u00f3n de la Pol\u00edtica de Desarrollo Social (Coneval), inform\u00f3 el director de la Agencia Municipal de Desarrollo Econ\u00f3mico.<\/p>\n\n\n\n<p>\u00d3scar Gast\u00e9lum Donnadieu comparti\u00f3 la evoluci\u00f3n que la capital de Sonora ha tenido en cuanto a reducci\u00f3n de pobreza laboral pasando del 25.9% en el 2022 al 22.7% en el \u00faltimo cuatrimestre del 2024, lo que significa que el municipio no s\u00f3lo ha avanzado en cuanto a generaci\u00f3n de empleos sino tambi\u00e9n en remuneraci\u00f3n del sector laboral.<\/p>\n\n\n\n<p>&#8220;La pobreza laboral es el porcentaje de la poblaci\u00f3n que no gana un ingreso laboral suficiente (salario) para adquirir la canasta alimentaria b\u00e1sica que marca el Coneval.<\/p>\n\n\n\n<p>Por tanto, este indicador revela que adem\u00e1s de que la desocupaci\u00f3n va a la baja en la ciudad, los empleos que se est\u00e1n generando cada vez est\u00e1n mejor remunerados&#8221;, agreg\u00f3.<\/p>\n\n\n\n<p>A esto se suman importantes resultados que han colocado a Hermosillo como una de las ciudades capitales m\u00e1s competitivas del pa\u00eds de acuerdo a Forbes y la tercera con mayor generaci\u00f3n empleos formales seg\u00fan el Instituto Mexicano del Seguro Social (IMSS).<\/p>\n\n\n\n<p>En ese sentido el Gobierno Municipal encabezado por Antonio Astiazar\u00e1n se ha comprometido en consolidar pol\u00edticas p\u00fablicas que hagan de Hermosillo una ciudad cada vez m\u00e1s justa y con mejores oportunidades para toda la ciudadan\u00eda.<\/p>\n","protected":false},"excerpt":{"rendered":"<p>&#8211; La capital de Sonora gobernada por To\u00f1o Astiazar\u00e1n sigue avanzando en la generaci\u00f3n de empleos mejor remunerados Hermosillo, Sonora; 2 de marzo de 2025.- Hermosillo registr\u00f3 el \u00edndice de pobreza laboral m\u00e1s bajo en los \u00faltimos cinco a\u00f1os de acuerdo a cifras del Consejo Nacional de Evaluaci\u00f3n de la Pol\u00edtica de Desarrollo Social (Coneval), [&hellip;]<\/p>\n","protected":false},"author":1,"featured_media":25324,"comment_status":"open","ping_status":"open","sticky":false,"template":"","format":"standard","meta":{"content-type":"","footnotes":""},"categories":[8,105],"tags":[],"class_list":{"0":"post-25323","1":"post","2":"type-post","3":"status-publish","4":"format-standard","5":"has-post-thumbnail","7":"category-hermosillo","8":"category-principal"},"_links":{"self":[{"href":"https:\/\/www.regioncuatronoticias.com\/index.php\/wp-json\/wp\/v2\/posts\/25323","targetHints":{"allow":["GET"]}}],"collection":[{"href":"https:\/\/www.regioncuatronoticias.com\/index.php\/wp-json\/wp\/v2\/posts"}],"about":[{"href":"https:\/\/www.regioncuatronoticias.com\/index.php\/wp-json\/wp\/v2\/types\/post"}],"author":[{"embeddable":true,"href":"https:\/\/www.regioncuatronoticias.com\/index.php\/wp-json\/wp\/v2\/users\/1"}],"replies":[{"embeddable":true,"href":"https:\/\/www.regioncuatronoticias.com\/index.php\/wp-json\/wp\/v2\/comments?post=25323"}],"version-history":[{"count":1,"href":"https:\/\/www.regioncuatronoticias.com\/index.php\/wp-json\/wp\/v2\/posts\/25323\/revisions"}],"predecessor-version":[{"id":25325,"href":"https:\/\/www.regioncuatronoticias.com\/index.php\/wp-json\/wp\/v2\/posts\/25323\/revisions\/25325"}],"wp:featuredmedia":[{"embeddable":true,"href":"https:\/\/www.regioncuatronoticias.com\/index.php\/wp-json\/wp\/v2\/media\/25324"}],"wp:attachment":[{"href":"https:\/\/www.regioncuatronoticias.com\/index.php\/wp-json\/wp\/v2\/media?parent=25323"}],"wp:term":[{"taxonomy":"category","embeddable":true,"href":"https:\/\/www.regioncuatronoticias.com\/index.php\/wp-json\/wp\/v2\/categories?post=25323"},{"taxonomy":"post_tag","embeddable":true,"href":"https:\/\/www.regioncuatronoticias.com\/index.php\/wp-json\/wp\/v2\/tags?post=25323"}],"curies":[{"name":"wp","href":"https:\/\/api.w.org\/{rel}","templated":true}]}}