{"id":25320,"date":"2025-03-02T16:26:02","date_gmt":"2025-03-02T23:26:02","guid":{"rendered":"https:\/\/www.regioncuatronoticias.com\/?p=25320"},"modified":"2025-03-02T16:26:08","modified_gmt":"2025-03-02T23:26:08","slug":"inauguran-patty-y-tono-astiazaran-tercera-clinica-creces-en-salud-los-olivos","status":"publish","type":"post","link":"https:\/\/www.regioncuatronoticias.com\/index.php\/2025\/03\/02\/inauguran-patty-y-tono-astiazaran-tercera-clinica-creces-en-salud-los-olivos\/","title":{"rendered":"Inauguran Patty y To\u00f1o Astiazar\u00e1n tercera Cl\u00ednica CRECES en Salud \u201cLos Olivos\u201d"},"content":{"rendered":"\n<p><strong>-Las instalaciones de la tercera cl\u00ednica abri\u00f3 sus puertas para ofrecer consultas gratuitas e ilimitadas para personas afiliadas<\/strong><\/p>\n\n\n\n<p>Hermosillo, Sonora, 2 de&nbsp; marzo, 2025.- El Gobierno Municipal marc\u00f3 el inicio de una nueva etapa en el cuidado y atenci\u00f3n a habitantes del sur de Hermosillo con la inauguraci\u00f3n de la tercera Cl\u00ednica CRECES inaugurada por el presidente municipal Antonio Astiazar\u00e1n Guti\u00e9rrez en la colonia Los Olivos.<\/p>\n\n\n\n<p>Acompa\u00f1ado por su esposa Patricia Ruibal Zaragoza, presidenta de DIF Hermosillo, To\u00f1o Astiazar\u00e1n abri\u00f3 las puertas de esta cl\u00ednica ubicada en el Centro H\u00e1bitat Los Olivos que atender\u00e1 a personas afiliadas como entrenadores deportivos, voluntariado del programa Alimentario e integrantes de la Casa de los Abuelos, por mencionar algunos.<\/p>\n\n\n\n<p>\u201cEstaba viendo estas instalaciones y quienes nos visitaron en este espacio antes pueden ver un cambio radical, un antes y un despu\u00e9s una verdadera transformaci\u00f3n de este espacio que sin duda alguna le viene dar vida a Los Olivos sino a este sector de la ciudad que requer\u00eda atenci\u00f3n\u201d, expres\u00f3 To\u00f1o Astiazar\u00e1n.<\/p>\n\n\n\n<p>Luis Becerra Hurtado, director de Salud P\u00fablica Municipal brind\u00f3 informaci\u00f3n sobre los beneficios de este programa que cuenta con atenciones como medicamento, odontolog\u00eda, optometr\u00eda y laboratorio cl\u00ednico por mencionar parte de los servicios gratuitos que se ofrecer\u00e1n.<\/p>\n\n\n\n<p>\u201cEn esta cl\u00ednica vamos a tener consulta m\u00e9dica ilimitada, hasta tres medicamentos gratuitos, servicio odontol\u00f3gico con limpiezas, extracciones, curaciones, curetajes, rayos x, limpiezas con ultrasonido de \u00faltima generaci\u00f3n, laboratorio cl\u00ednico con seis estudios al a\u00f1o, acceso y beneficio a optometrista con dos lentes graduados a la medida\u201d, mencion\u00f3.<\/p>\n\n\n\n<p>Previo al corte de list\u00f3n, las ciudadanas Margarita Chaparro Armenta y Mar\u00eda Isabel Coronado agradecieron a nombre de vecinos de la colonia Los Olivos el acercamiento de estos programas del Gobierno Municipal que mejorar\u00e1n su calidad de vida.<\/p>\n\n\n\n<p>Durante la inauguraci\u00f3n de las nuevas instalaciones se reconoci\u00f3 la labor que Martina Moreno Salcido, coordinadora del Centro H\u00e1bitat Los Olivos ha realizado en este espacio donde se llevan a cabo diversas actividades de capacitaci\u00f3n, recreativas y deportivas.<\/p>\n\n\n\n<p>Asistieron tambi\u00e9n a la inauguraci\u00f3n Daniel Garc\u00eda Escalante, director de Participaci\u00f3n Ciudadana; Madeleine Bonnafoux Alcaraz, directora general de DIF Hermosillo y familias del sector.<\/p>\n\n\n\n<p>Liga de descarga de video<\/p>\n\n\n\n<p><a href=\"https:\/\/fromsmash.com\/CRECES-EN-SALUD-LOS-OLIVOS\">https:\/\/fromsmash.com\/CRECES-EN-SALUD-LOS-OLIVOS<\/a><\/p>\n","protected":false},"excerpt":{"rendered":"<p>-Las instalaciones de la tercera cl\u00ednica abri\u00f3 sus puertas para ofrecer consultas gratuitas e ilimitadas para personas afiliadas Hermosillo, Sonora, 2 de&nbsp; marzo, 2025.- El Gobierno Municipal marc\u00f3 el inicio de una nueva etapa en el cuidado y atenci\u00f3n a habitantes del sur de Hermosillo con la inauguraci\u00f3n de la tercera Cl\u00ednica CRECES inaugurada por [&hellip;]<\/p>\n","protected":false},"author":1,"featured_media":25321,"comment_status":"open","ping_status":"open","sticky":false,"template":"","format":"standard","meta":{"content-type":"","footnotes":""},"categories":[8],"tags":[],"class_list":{"0":"post-25320","1":"post","2":"type-post","3":"status-publish","4":"format-standard","5":"has-post-thumbnail","7":"category-hermosillo"},"_links":{"self":[{"href":"https:\/\/www.regioncuatronoticias.com\/index.php\/wp-json\/wp\/v2\/posts\/25320","targetHints":{"allow":["GET"]}}],"collection":[{"href":"https:\/\/www.regioncuatronoticias.com\/index.php\/wp-json\/wp\/v2\/posts"}],"about":[{"href":"https:\/\/www.regioncuatronoticias.com\/index.php\/wp-json\/wp\/v2\/types\/post"}],"author":[{"embeddable":true,"href":"https:\/\/www.regioncuatronoticias.com\/index.php\/wp-json\/wp\/v2\/users\/1"}],"replies":[{"embeddable":true,"href":"https:\/\/www.regioncuatronoticias.com\/index.php\/wp-json\/wp\/v2\/comments?post=25320"}],"version-history":[{"count":1,"href":"https:\/\/www.regioncuatronoticias.com\/index.php\/wp-json\/wp\/v2\/posts\/25320\/revisions"}],"predecessor-version":[{"id":25322,"href":"https:\/\/www.regioncuatronoticias.com\/index.php\/wp-json\/wp\/v2\/posts\/25320\/revisions\/25322"}],"wp:featuredmedia":[{"embeddable":true,"href":"https:\/\/www.regioncuatronoticias.com\/index.php\/wp-json\/wp\/v2\/media\/25321"}],"wp:attachment":[{"href":"https:\/\/www.regioncuatronoticias.com\/index.php\/wp-json\/wp\/v2\/media?parent=25320"}],"wp:term":[{"taxonomy":"category","embeddable":true,"href":"https:\/\/www.regioncuatronoticias.com\/index.php\/wp-json\/wp\/v2\/categories?post=25320"},{"taxonomy":"post_tag","embeddable":true,"href":"https:\/\/www.regioncuatronoticias.com\/index.php\/wp-json\/wp\/v2\/tags?post=25320"}],"curies":[{"name":"wp","href":"https:\/\/api.w.org\/{rel}","templated":true}]}}