{"id":25317,"date":"2025-03-02T16:24:42","date_gmt":"2025-03-02T23:24:42","guid":{"rendered":"https:\/\/www.regioncuatronoticias.com\/?p=25317"},"modified":"2025-03-02T16:24:46","modified_gmt":"2025-03-02T23:24:46","slug":"eligen-nuevo-comite-directivo-del-partido-sonorense-en-nogales","status":"publish","type":"post","link":"https:\/\/www.regioncuatronoticias.com\/index.php\/2025\/03\/02\/eligen-nuevo-comite-directivo-del-partido-sonorense-en-nogales\/","title":{"rendered":"Eligen nuevo comit\u00e9 directivo del Partido Sonorense en Nogales"},"content":{"rendered":"\n<p><strong>-Salvador \u201cChava\u201d Boj\u00f3rquez, el hoy dirigente municipal, hizo el compromiso p\u00fablico de darle rumbo y sentido a su encargo, priorizando el bienestar de las familias nogalenses<\/strong><\/p>\n\n\n\n<p>Nogales, Son.- El Partido Sonorense (PS) dio un paso m\u00e1s en su consolidaci\u00f3n en este importante municipio fronterizo, al ser electo su nuevo comit\u00e9 directivo que encabeza Salvador Boj\u00f3rquez, Mar\u00eda Elizabeth Cortez y Brian Michaell Gast\u00e9lum, como presidente, secretaria general y secretario de organizaci\u00f3n, respectivamente.<\/p>\n\n\n\n<p>Ante m\u00e1s de 350 personas reunidas para atestiguar el momento, el dirigente estatal del PS, Al\u00ed Camacho Villegas, fue el encargado de la toma de posesi\u00f3n de los dirigentes municipales, acompa\u00f1ado por Fernando Valenzuela, vicepresidente, y por Marco Aurelio Cuevas, titular del Jur\u00eddico de esta organizaci\u00f3n partidista.<\/p>\n\n\n\n<p>En su momento, el hoy presidente del PS-Nogales, Salvador \u201cChava\u201d Boj\u00f3rquez, hizo el compromiso p\u00fablico de trabajar incansablemente por darle rumbo y sentido a su nuevo encargo, priorizando el bienestar de las familias nogalenses, de las mujeres, de las y los j\u00f3venes y adultos mayores.<\/p>\n\n\n\n<p>Son los resultados los que hablar\u00e1n de nuestra gesti\u00f3n al frente del Partido Sonorense, con mucho trabajo y compromiso, dijo.<\/p>\n\n\n\n<p>Por su parte, al hacer uso de la palabra, el regidor independiente en el ayuntamiento de Nogales, Jes\u00fas B\u00e1ez, quien tuviera una notable participaci\u00f3n en el pasado proceso electoral, aval\u00f3 y reconoci\u00f3 la capacidad de trabajo del nuevo comit\u00e9 municipal del PS-Nogales.<\/p>\n\n\n\n<p>Invit\u00f3 a las y los nogalenses a aprovechar el v\u00ednculo que como regidores independientes tienen ante las autoridades municipales, junto con su compa\u00f1era de cabildo Karen Cristina Jonsthon, para buscar soluci\u00f3n a los distintos problemas &nbsp;que los aquejan.<\/p>\n\n\n\n<p>Al cierre del evento, el presidente estatal del PS, Al\u00ed Camacho, lanzo un emotivo mensaje a los presentes, se\u00f1alando el gran crecimiento electoral que han tenido, recogiendo solamente el sentir de los sonorenses, quienes ya no quieren a las mismas personas de los mismos partidos de siempre, que no les han dado resultado para una vida mejor.<\/p>\n\n\n\n<p>\u201cEl sonorense es energ\u00eda e innovaci\u00f3n; por eso invito a este comit\u00e9 municipal a que innove para bien representar a los nogalenses; hay que dise\u00f1ar programas y acciones que beneficien a la gente\u201d, dijo.<\/p>\n\n\n\n<p>\u201cEse es el mensaje y la buena nueva que les traemos: tenemos un partido que s\u00ed queremos ser oposici\u00f3n, que somos valientes, que somos decentes, y que tenemos toda la fuerza para decir que \u201cno\u201d, a los mismos de siempre\u201d.<\/p>\n\n\n\n<p>En el evento tambi\u00e9n se cont\u00f3 con la presencia del regidor del PS en el ayuntamiento de Hermosillo, Orlando Aurelio Cuevas; y de invitados especiales como Carlos Morales y David Alfaro, y de cientos de nogalenses que ah\u00ed se dieron cita.<\/p>\n","protected":false},"excerpt":{"rendered":"<p>-Salvador \u201cChava\u201d Boj\u00f3rquez, el hoy dirigente municipal, hizo el compromiso p\u00fablico de darle rumbo y sentido a su encargo, priorizando el bienestar de las familias nogalenses Nogales, Son.- El Partido Sonorense (PS) dio un paso m\u00e1s en su consolidaci\u00f3n en este importante municipio fronterizo, al ser electo su nuevo comit\u00e9 directivo que encabeza Salvador Boj\u00f3rquez, [&hellip;]<\/p>\n","protected":false},"author":1,"featured_media":25318,"comment_status":"open","ping_status":"open","sticky":false,"template":"","format":"standard","meta":{"content-type":"","footnotes":""},"categories":[115,9],"tags":[],"class_list":{"0":"post-25317","1":"post","2":"type-post","3":"status-publish","4":"format-standard","5":"has-post-thumbnail","7":"category-politica","8":"category-sonora"},"_links":{"self":[{"href":"https:\/\/www.regioncuatronoticias.com\/index.php\/wp-json\/wp\/v2\/posts\/25317","targetHints":{"allow":["GET"]}}],"collection":[{"href":"https:\/\/www.regioncuatronoticias.com\/index.php\/wp-json\/wp\/v2\/posts"}],"about":[{"href":"https:\/\/www.regioncuatronoticias.com\/index.php\/wp-json\/wp\/v2\/types\/post"}],"author":[{"embeddable":true,"href":"https:\/\/www.regioncuatronoticias.com\/index.php\/wp-json\/wp\/v2\/users\/1"}],"replies":[{"embeddable":true,"href":"https:\/\/www.regioncuatronoticias.com\/index.php\/wp-json\/wp\/v2\/comments?post=25317"}],"version-history":[{"count":1,"href":"https:\/\/www.regioncuatronoticias.com\/index.php\/wp-json\/wp\/v2\/posts\/25317\/revisions"}],"predecessor-version":[{"id":25319,"href":"https:\/\/www.regioncuatronoticias.com\/index.php\/wp-json\/wp\/v2\/posts\/25317\/revisions\/25319"}],"wp:featuredmedia":[{"embeddable":true,"href":"https:\/\/www.regioncuatronoticias.com\/index.php\/wp-json\/wp\/v2\/media\/25318"}],"wp:attachment":[{"href":"https:\/\/www.regioncuatronoticias.com\/index.php\/wp-json\/wp\/v2\/media?parent=25317"}],"wp:term":[{"taxonomy":"category","embeddable":true,"href":"https:\/\/www.regioncuatronoticias.com\/index.php\/wp-json\/wp\/v2\/categories?post=25317"},{"taxonomy":"post_tag","embeddable":true,"href":"https:\/\/www.regioncuatronoticias.com\/index.php\/wp-json\/wp\/v2\/tags?post=25317"}],"curies":[{"name":"wp","href":"https:\/\/api.w.org\/{rel}","templated":true}]}}