{"id":25314,"date":"2025-03-01T23:00:38","date_gmt":"2025-03-02T06:00:38","guid":{"rendered":"https:\/\/www.regioncuatronoticias.com\/?p=25314"},"modified":"2025-03-01T23:00:40","modified_gmt":"2025-03-02T06:00:40","slug":"sheinbaum-mexico-no-necesita-de-inversionistas-extranjeros-inaugura-planta-electrica-en-salamanca","status":"publish","type":"post","link":"https:\/\/www.regioncuatronoticias.com\/index.php\/2025\/03\/01\/sheinbaum-mexico-no-necesita-de-inversionistas-extranjeros-inaugura-planta-electrica-en-salamanca\/","title":{"rendered":"Sheinbaum: \u2018M\u00e9xico no necesita de inversionistas extranjeros\u2019; inaugura planta el\u00e9ctrica en Salamanca"},"content":{"rendered":"\n<p><strong>La inauguraci\u00f3n de la nueva Central de Ciclo Combinado Salamanca es el primer gran acto de infraestructura energ\u00e9tica encabezado por Sheinbaum en su mandato.<\/strong><\/p>\n\n\n\n<p>Tomado de El Financiero<\/p>\n\n\n\n<p>Por EFE<\/p>\n\n\n\n<p>S\u00e1bado 1 de marzo de 2025<\/p>\n\n\n\n<p>La presidenta Claudia Sheinbaum inaugur\u00f3 este s\u00e1bado la nueva Central de Ciclo Combinado Salamanca, destacando que M\u00e9xico no necesita de inversionistas extranjeros para desarrollar su industria energ\u00e9tica y petrolera.<\/p>\n\n\n\n<p>Durante el acto inaugural en Guanajuato, en la regi\u00f3n del Baj\u00edo, la mandataria sostuvo que, \u201cuna cosa obvia, es que M\u00e9xico requiere de varios a\u00f1os de tecnol\u00f3gica y una eficiencia administrativa para lograr nuestra independencia energ\u00e9tica\u201d.<\/p>\n\n\n\n<p><strong>\u2018M\u00e9xico no necesita de inversionistas extranjeros\u2019<\/strong><\/p>\n\n\n\n<p>\u201cSer\u00eda necio afirmar que M\u00e9xico no requiere de la capacitaci\u00f3n tecnol\u00f3gica en materia el\u00e9ctrica y petrolera, pero para ello ning\u00fan extranjero necesita convertirse en accionista de las empresas p\u00fablicas para apoyarnos\u201d, afirm\u00f3.<\/p>\n\n\n\n<p>La inauguraci\u00f3n de la planta, considerada la m\u00e1s moderna y eficiente del pa\u00eds, marca el primer gran acto de infraestructura energ\u00e9tica encabezado por Sheinbaum en su mandato.<\/p>\n\n\n\n<p>La nueva central operar\u00e1 con gas natural y reducir\u00e1 en m\u00e1s de tres millones de toneladas las emisiones de di\u00f3xido de carbono (CO\u2082) anuales, lo que equivale a retirar 750,000 veh\u00edculos de circulaci\u00f3n.<\/p>\n\n\n\n<p>En su discurso, la presidenta Sheinbaum resalt\u00f3 el papel de la CFE y de sus trabajadores en la historia de M\u00e9xico.<\/p>\n\n\n\n<p><strong>Sheinbaum destaca aprobaci\u00f3n de su reforma energ\u00e9tica<\/strong><\/p>\n\n\n\n<p>Durante el evento, la mandataria enfatiz\u00f3 la recuperaci\u00f3n de la Comisi\u00f3n Federal de Electricidad (CFE) como empresa p\u00fablica del Estado y asegur\u00f3 que, con la m\u00e1s reciente reforma constitucional enviada al Congreso, la Comisi\u00f3n dejar\u00e1 de estar fragmentada en subsidiarias y podr\u00e1 operar sin limitaciones impuestas por reformas privatizadoras anteriores.<\/p>\n\n\n\n<p>En este sentido, la Secretaria de Energ\u00eda, Luz Elena Gonz\u00e1lez, se\u00f1al\u00f3 que se ha revertido \u201cel proceso de desmantelamiento de la CFE, iniciado con las reformas privatizadoras desde 1993, pero con la mal llamada reforma de 2013\u201d.<\/p>\n\n\n\n<p>\u201cDichas reformas debilitaron y fragmentaron a nuestra empresa p\u00fablica, favoreciendo el lucro privado sobre el inter\u00e9s nacional\u201d, a\u00f1adi\u00f3.<\/p>\n\n\n\n<p>Por su parte, la directora general de la CFE, Emilia Esther Calleja Alor, destac\u00f3 inversiones del Gobierno mexicano en infraestructura el\u00e9ctrica por encima de los 20,000 millones de d\u00f3lares y la reciente construcci\u00f3n de 10 nuevas plantas de ciclo combinado, adem\u00e1s de proyectos de energ\u00eda limpia como la central fotovoltaica de Puerto Pe\u00f1asco en Sonora y la modernizaci\u00f3n de 16 hidroel\u00e9ctricas.<\/p>\n\n\n\n<p><strong>Impacto regional y desarrollo sustentable<\/strong><\/p>\n\n\n\n<p>La gobernadora de Guanajuato, Libia Dennise Garc\u00eda Mu\u00f1oz Ledo, destac\u00f3 que la planta Salamanca es una de las inversiones m\u00e1s importantes para el estado y reforzar\u00e1 el suministro el\u00e9ctrico para la regi\u00f3n del Baj\u00edo, beneficiando a m\u00e1s de cinco millones de hogares.<\/p>\n\n\n\n<p>Adem\u00e1s de mejorar la eficiencia energ\u00e9tica, la nueva planta optimiza el consumo de agua, ahorrando m\u00e1s de siete millones de metros c\u00fabicos anuales, equivalentes al abastecimiento de 130,000 hogares.<\/p>\n\n\n\n<p>M\u00e1s adelante se construir\u00e1 una segunda fase del proyecto, denominada \u201cSalamanca 2\u201d, que sumar\u00e1 478 megavatios adicionales a los 927 megavatios actuales, consolidando a Guanajuato como un eje clave en la transici\u00f3n energ\u00e9tica del pa\u00eds.<\/p>\n\n\n\n<p><strong>Recuperaci\u00f3n de la rector\u00eda estatal en la energ\u00eda<\/strong><\/p>\n\n\n\n<p>En su discurso, la presidenta Sheinbaum resalt\u00f3 el papel de la CFE y de sus trabajadores en la historia de M\u00e9xico, asegurando que la empresa estatal ha sido clave para la electrificaci\u00f3n del pa\u00eds desde su nacionalizaci\u00f3n en 1960.<\/p>\n\n\n\n<p>Record\u00f3 que en el gobierno anterior se inici\u00f3 un proceso de rescate de la CFE, consolidado con las recientes reformas que le devuelven su papel central en el sector el\u00e9ctrico.<\/p>\n\n\n\n<p>\u2018M\u00e1s barato por&#8230; catorcena\u2019: Elon Musk anuncia el nacimiento de su decimocuarto hijo, Seldon Lycurgus\u2018M\u00e1s barato por&#8230; catorcena\u2019: Elon Musk anuncia el nacimiento de su decimocuarto hijo, Seldon Lycurgus<\/p>\n\n\n\n<p>\u201cNosotros luchamos por la soberan\u00eda y la independencia de M\u00e9xico. Somos un pa\u00eds libre y soberano, y no entregamos los recursos de la naci\u00f3n a nadie\u201d, concluy\u00f3.<\/p>\n\n\n\n<p><a href=\"https:\/\/www.elfinanciero.com.mx\/nacional\/2025\/03\/01\/sheinbaum-inaugura-planta-electrica-en-salamanca-mexico-no-necesita-de-inversionistas-extranjeros\">https:\/\/www.elfinanciero.com.mx\/nacional\/2025\/03\/01\/sheinbaum-inaugura-planta-electrica-en-salamanca-mexico-no-necesita-de-inversionistas-extranjeros<\/a><\/p>\n","protected":false},"excerpt":{"rendered":"<p>La inauguraci\u00f3n de la nueva Central de Ciclo Combinado Salamanca es el primer gran acto de infraestructura energ\u00e9tica encabezado por Sheinbaum en su mandato. Tomado de El Financiero Por EFE S\u00e1bado 1 de marzo de 2025 La presidenta Claudia Sheinbaum inaugur\u00f3 este s\u00e1bado la nueva Central de Ciclo Combinado Salamanca, destacando que M\u00e9xico no necesita [&hellip;]<\/p>\n","protected":false},"author":1,"featured_media":25315,"comment_status":"open","ping_status":"open","sticky":false,"template":"","format":"standard","meta":{"content-type":"","footnotes":""},"categories":[114,3,105],"tags":[],"class_list":{"0":"post-25314","1":"post","2":"type-post","3":"status-publish","4":"format-standard","5":"has-post-thumbnail","7":"category-economia","8":"category-mexico","9":"category-principal"},"_links":{"self":[{"href":"https:\/\/www.regioncuatronoticias.com\/index.php\/wp-json\/wp\/v2\/posts\/25314","targetHints":{"allow":["GET"]}}],"collection":[{"href":"https:\/\/www.regioncuatronoticias.com\/index.php\/wp-json\/wp\/v2\/posts"}],"about":[{"href":"https:\/\/www.regioncuatronoticias.com\/index.php\/wp-json\/wp\/v2\/types\/post"}],"author":[{"embeddable":true,"href":"https:\/\/www.regioncuatronoticias.com\/index.php\/wp-json\/wp\/v2\/users\/1"}],"replies":[{"embeddable":true,"href":"https:\/\/www.regioncuatronoticias.com\/index.php\/wp-json\/wp\/v2\/comments?post=25314"}],"version-history":[{"count":1,"href":"https:\/\/www.regioncuatronoticias.com\/index.php\/wp-json\/wp\/v2\/posts\/25314\/revisions"}],"predecessor-version":[{"id":25316,"href":"https:\/\/www.regioncuatronoticias.com\/index.php\/wp-json\/wp\/v2\/posts\/25314\/revisions\/25316"}],"wp:featuredmedia":[{"embeddable":true,"href":"https:\/\/www.regioncuatronoticias.com\/index.php\/wp-json\/wp\/v2\/media\/25315"}],"wp:attachment":[{"href":"https:\/\/www.regioncuatronoticias.com\/index.php\/wp-json\/wp\/v2\/media?parent=25314"}],"wp:term":[{"taxonomy":"category","embeddable":true,"href":"https:\/\/www.regioncuatronoticias.com\/index.php\/wp-json\/wp\/v2\/categories?post=25314"},{"taxonomy":"post_tag","embeddable":true,"href":"https:\/\/www.regioncuatronoticias.com\/index.php\/wp-json\/wp\/v2\/tags?post=25314"}],"curies":[{"name":"wp","href":"https:\/\/api.w.org\/{rel}","templated":true}]}}