{"id":25305,"date":"2025-03-01T22:29:22","date_gmt":"2025-03-02T05:29:22","guid":{"rendered":"https:\/\/www.regioncuatronoticias.com\/?p=25305"},"modified":"2025-03-01T22:29:24","modified_gmt":"2025-03-02T05:29:24","slug":"que-se-les-investigue-donald-trump-sugiere-indagar-a-politicos-mexicanos-que-tengan-nexos-con-el-narco","status":"publish","type":"post","link":"https:\/\/www.regioncuatronoticias.com\/index.php\/2025\/03\/01\/que-se-les-investigue-donald-trump-sugiere-indagar-a-politicos-mexicanos-que-tengan-nexos-con-el-narco\/","title":{"rendered":"\u2018Que se les investigue\u2019: Donald Trump sugiere indagar a pol\u00edticos mexicanos que tengan nexos con el narco"},"content":{"rendered":"\n<p><strong>Donald Trump recomend\u00f3 investigar a pol\u00edticos involucrados en tr\u00e1fico de fentanilo y trata de personas, incluyendo figuras mexicanas, incluidos pol\u00edticos<\/strong><\/p>\n\n\n\n<p>Tomado de Vanguardia<\/p>\n\n\n\n<p>Stephanie Le\u00f3npor<\/p>\n\n\n\n<p>S\u00e1bado 1 de marzo de 2025<\/p>\n\n\n\n<p>El presidente de Estados Unidos, Donald Trump, emiti\u00f3 una nueva advertencia a M\u00e9xico al recomendar que se investigue a pol\u00edticos mexicanos presuntamente vinculados con el tr\u00e1fico de drogas y migrantes.<\/p>\n\n\n\n<p>En entrevista con la revista The Spectator, el mandatario estadounidense se\u00f1al\u00f3 que entre sus planes est\u00e1 la posibilidad de indagar a funcionarios que puedan estar relacionados con el crimen organizado, aunque aclar\u00f3 que esto depender\u00e1 de Pam Bondi, fiscal general de Estados Unidos.<\/p>\n\n\n\n<p>Durante la conversaci\u00f3n con el entrevistador Ben Domenech, Trump fue cuestionado sobre si tomar\u00e1 medidas contra pol\u00edticos involucrados en actividades il\u00edcitas, como el tr\u00e1fico de fentanilo y la trata de personas.<\/p>\n\n\n\n<p>&#8211; \u201c\u00bfVas a responsabilizar a muchos de estos pol\u00edticos corruptos que se beneficiaron de la trata de personas, del ingreso de fentanilo, incluidos los principales pol\u00edticos mexicanos?\u201d, pregunt\u00f3 Domenech.<\/p>\n\n\n\n<p>-\u201cBueno, ciertamente, recomendar\u00eda que se les investigue. Sin duda, eso depender\u00e1 de Pam Bondi, quien es excelente en lo que hace\u201d, respondi\u00f3 Trump.<\/p>\n\n\n\n<p>El presidente estadounidense evit\u00f3 profundizar en el tema.<\/p>\n\n\n\n<p><strong>DONALD TRUMP LE \u2018CUELGA LA MEDALLA\u2019 A ESTADOS UNIDOS POR ENTREGA DE M\u00c9XICO DE 29 NARCOTRAFICANTES<\/strong><\/p>\n\n\n\n<p>Las declaraciones de Trump se dan en el contexto de la entrega de 29 narcotraficantes mexicanos a las autoridades de Estados Unidos, un proceso que tuvo lugar el jueves 28 de febrero. Entre los extraditados se encuentra Rafael Caro Quintero, quien era buscado por la DEA desde 1985 por el asesinato del agente Enrique \u2018Kiki\u2019 Camarena.<\/p>\n\n\n\n<p>Un d\u00eda despu\u00e9s, el 28 de febrero, la Casa Blanca inform\u00f3 que Trump orden\u00f3 al Departamento de Justicia y al Departamento de Estado que gestionaran la extradici\u00f3n de los detenidos. En el comunicado, el Gobierno estadounidense destac\u00f3 la labor de los funcionarios de la administraci\u00f3n Trump en la operaci\u00f3n, sin mencionar el papel de las autoridades mexicanas.<\/p>\n\n\n\n<p>\u201cLa fiscal general Pam Bondi y el secretario de Estado, Marco Rubio, hicieron un trabajo tremendo al lograrlo\u201d, se\u00f1al\u00f3 el comunicado.<\/p>\n\n\n\n<p>Adem\u00e1s, la administraci\u00f3n estadounidense responsabiliz\u00f3 al expresidente Joe Biden por permitir que estos criminales operaran libremente, al tiempo que calific\u00f3 a los narcotraficantes como \u201cterroristas\u201d y reiter\u00f3 su compromiso con la justicia en Estados Unidos.<\/p>\n\n\n\n<p><strong>FISCAL DE M\u00c9XICO, GERTZ MORENO, SE\u00d1ALA QUE NO FUERON EXTRADICIONES<\/strong><\/p>\n\n\n\n<p>El fiscal general de M\u00e9xico, Alejandro Gertz Manero, aclar\u00f3 que la operaci\u00f3n no se trat\u00f3 de una extradici\u00f3n, sino de una entrega basada en la Ley de Seguridad Nacional.<\/p>\n\n\n\n<p>\u201cEsta es una solicitud de seguridad nacional que justificaron los Estados Unidos en raz\u00f3n de las conductas criminales de esas personas en ese pa\u00eds, que coinciden con los procedimientos y los conocimientos que tenemos de las pruebas sobre su conducta\u201d, explic\u00f3 Gertz Manero en conferencia de prensa.<\/p>\n\n\n\n<p>Por su parte, la presidenta Claudia Sheinbaum evit\u00f3 pronunciarse directamente sobre la entrega de los 29 narcotraficantes y en cambio se\u00f1al\u00f3 que \u201cla corrupci\u00f3n del Poder Judicial es aberrante y ofensiva\u201d.<\/p>\n\n\n\n<p>\u201cQu\u00e9 bueno que el pueblo de M\u00e9xico tom\u00f3 la decisi\u00f3n de cambiar de ra\u00edz. El Poder Judicial es una bendici\u00f3n para M\u00e9xico, lo que vamos a vivir este a\u00f1o, elegir a los jueces, magistrados y ministros y que el pueblo pueda salvar al Poder Judicial de esta ofensiva corrupci\u00f3n para el pueblo\u201d, declar\u00f3 la mandataria. <\/p>\n\n\n\n<p>https:\/\/vanguardia.com.mx\/noticias\/internacional\/que-se-les-investigue-donald-trump-sugiere-indagar-a-politicos-mexicanos-que-tengan-nexos-con-el-narco-EB15140163<\/p>\n","protected":false},"excerpt":{"rendered":"<p>Donald Trump recomend\u00f3 investigar a pol\u00edticos involucrados en tr\u00e1fico de fentanilo y trata de personas, incluyendo figuras mexicanas, incluidos pol\u00edticos Tomado de Vanguardia Stephanie Le\u00f3npor S\u00e1bado 1 de marzo de 2025 El presidente de Estados Unidos, Donald Trump, emiti\u00f3 una nueva advertencia a M\u00e9xico al recomendar que se investigue a pol\u00edticos mexicanos presuntamente vinculados con [&hellip;]<\/p>\n","protected":false},"author":1,"featured_media":25306,"comment_status":"open","ping_status":"open","sticky":false,"template":"","format":"standard","meta":{"content-type":"","footnotes":""},"categories":[7,115,105,113],"tags":[],"class_list":{"0":"post-25305","1":"post","2":"type-post","3":"status-publish","4":"format-standard","5":"has-post-thumbnail","7":"category-internacional","8":"category-politica","9":"category-principal","10":"category-seguridad"},"_links":{"self":[{"href":"https:\/\/www.regioncuatronoticias.com\/index.php\/wp-json\/wp\/v2\/posts\/25305","targetHints":{"allow":["GET"]}}],"collection":[{"href":"https:\/\/www.regioncuatronoticias.com\/index.php\/wp-json\/wp\/v2\/posts"}],"about":[{"href":"https:\/\/www.regioncuatronoticias.com\/index.php\/wp-json\/wp\/v2\/types\/post"}],"author":[{"embeddable":true,"href":"https:\/\/www.regioncuatronoticias.com\/index.php\/wp-json\/wp\/v2\/users\/1"}],"replies":[{"embeddable":true,"href":"https:\/\/www.regioncuatronoticias.com\/index.php\/wp-json\/wp\/v2\/comments?post=25305"}],"version-history":[{"count":1,"href":"https:\/\/www.regioncuatronoticias.com\/index.php\/wp-json\/wp\/v2\/posts\/25305\/revisions"}],"predecessor-version":[{"id":25307,"href":"https:\/\/www.regioncuatronoticias.com\/index.php\/wp-json\/wp\/v2\/posts\/25305\/revisions\/25307"}],"wp:featuredmedia":[{"embeddable":true,"href":"https:\/\/www.regioncuatronoticias.com\/index.php\/wp-json\/wp\/v2\/media\/25306"}],"wp:attachment":[{"href":"https:\/\/www.regioncuatronoticias.com\/index.php\/wp-json\/wp\/v2\/media?parent=25305"}],"wp:term":[{"taxonomy":"category","embeddable":true,"href":"https:\/\/www.regioncuatronoticias.com\/index.php\/wp-json\/wp\/v2\/categories?post=25305"},{"taxonomy":"post_tag","embeddable":true,"href":"https:\/\/www.regioncuatronoticias.com\/index.php\/wp-json\/wp\/v2\/tags?post=25305"}],"curies":[{"name":"wp","href":"https:\/\/api.w.org\/{rel}","templated":true}]}}