{"id":25302,"date":"2025-03-01T22:24:13","date_gmt":"2025-03-02T05:24:13","guid":{"rendered":"https:\/\/www.regioncuatronoticias.com\/?p=25302"},"modified":"2025-03-01T22:24:15","modified_gmt":"2025-03-02T05:24:15","slug":"despues-de-su-paso-por-morena-german-martinez-regresa-al-pan","status":"publish","type":"post","link":"https:\/\/www.regioncuatronoticias.com\/index.php\/2025\/03\/01\/despues-de-su-paso-por-morena-german-martinez-regresa-al-pan\/","title":{"rendered":"Despu\u00e9s de su paso por Morena&#8230; Germ\u00e1n Mart\u00ednez regresa al PAN"},"content":{"rendered":"\n<p><strong>El dirigente Jorge Romero celebr\u00f3 su reincorporaci\u00f3n a las filas de los azules<\/strong><\/p>\n\n\n\n<p>Tomado de Vanguardia<\/p>\n\n\n\n<p>Gerardo Hern\u00e1ndez<\/p>\n\n\n\n<p>S\u00e1bado 1 de marzo de 2025<\/p>\n\n\n\n<p>CDMX.- A trav\u00e9s de sus redes sociales, Jorge Romero Herrera, presidente del Partido Acci\u00f3n Nacional (PAN), inform\u00f3 que Germ\u00e1n Mart\u00ednez C\u00e1zares, se reintegr\u00f3 con los azules, luego de que el legislador fuera parte del Movimiento de Regeneraci\u00f3n Nacional (Morena).<\/p>\n\n\n\n<p>En su cuenta oficial de X (antes Twitter) celebr\u00f3 el regreso de Mart\u00ednez C\u00e1zares, quien fue presidente del partido entre 2007 y 2009.<\/p>\n\n\n\n<p>La decisi\u00f3n de permitir su reincorporaci\u00f3n, explic\u00f3, fue tomada por unanimidad y dio la bienvenida a quien calific\u00f3 como una de las \u201cvoces m\u00e1s importantes, congruentes y valientes\u201d.<\/p>\n\n\n\n<p>\u201cHoy es un d\u00eda muy especial. Porque hoy es un d\u00eda en donde nuestra Comisi\u00f3n Permanente del Comit\u00e9 Ejecutivo Nacional del PAN, decidimos votar en unanimidad, el retorno de una de las voces m\u00e1s importantes\u201d, mencion\u00f3 en un video.<\/p>\n\n\n\n<p>Es un honor \u201cdar la bienvenida de vuelta a casa al querido ex presidente Germ\u00e1n Mart\u00ednez\u201d, expres\u00f3 el l\u00edder panista, mientras el exsenador agradeci\u00f3 a la militancia por permitirle ser parte de este grupo.<\/p>\n\n\n\n<p>\u201cYo solo debo dar las gracias a sus militantes y a su presidente nacional por esta muestra de generosidad. Los que se fueron vengan. Jorge ha abierto las puertas del partido y eso se debe agradecer\u201d, puntualiz\u00f3.<\/p>\n\n\n\n<p>Germ\u00e1n Mart\u00ednez fue presidente del Comit\u00e9 Ejecutivo Nacional del PAN entre 2007-2009 y Coordinador de Plataforma legislativa del PAN en 2006 y diputado federal.<\/p>\n\n\n\n<p>En 2018 se sum\u00f3 al grupo parlamentario de Morena como senador plurinominal en la LXIV Legislatura; despu\u00e9s renunci\u00f3 al cargo para sumarse al equipo del expresidente Andr\u00e9s Manuel L\u00f3pez Obrador como director general del Instituto Mexicano del Seguro Social (IMSS) y en mayo de 2019 se separ\u00f3 de esta direcci\u00f3n.<\/p>\n\n\n\n<p>Durante el mandato del expresidente Felipe Calder\u00f3n Hinojosa se desempe\u00f1\u00f3 como titular de la Secretar\u00eda de la Funci\u00f3n P\u00fablica.<\/p>\n\n\n\n<p><a href=\"https:\/\/vanguardia.com.mx\/noticias\/mexico\/despues-de-su-paso-por-morena-german-martinez-regresa-al-pan-FG15139408\">https:\/\/vanguardia.com.mx\/noticias\/mexico\/despues-de-su-paso-por-morena-german-martinez-regresa-al-pan-FG15139408<\/a><\/p>\n","protected":false},"excerpt":{"rendered":"<p>El dirigente Jorge Romero celebr\u00f3 su reincorporaci\u00f3n a las filas de los azules Tomado de Vanguardia Gerardo Hern\u00e1ndez S\u00e1bado 1 de marzo de 2025 CDMX.- A trav\u00e9s de sus redes sociales, Jorge Romero Herrera, presidente del Partido Acci\u00f3n Nacional (PAN), inform\u00f3 que Germ\u00e1n Mart\u00ednez C\u00e1zares, se reintegr\u00f3 con los azules, luego de que el legislador [&hellip;]<\/p>\n","protected":false},"author":1,"featured_media":25303,"comment_status":"open","ping_status":"open","sticky":false,"template":"","format":"standard","meta":{"content-type":"","footnotes":""},"categories":[3,115],"tags":[],"class_list":{"0":"post-25302","1":"post","2":"type-post","3":"status-publish","4":"format-standard","5":"has-post-thumbnail","7":"category-mexico","8":"category-politica"},"_links":{"self":[{"href":"https:\/\/www.regioncuatronoticias.com\/index.php\/wp-json\/wp\/v2\/posts\/25302","targetHints":{"allow":["GET"]}}],"collection":[{"href":"https:\/\/www.regioncuatronoticias.com\/index.php\/wp-json\/wp\/v2\/posts"}],"about":[{"href":"https:\/\/www.regioncuatronoticias.com\/index.php\/wp-json\/wp\/v2\/types\/post"}],"author":[{"embeddable":true,"href":"https:\/\/www.regioncuatronoticias.com\/index.php\/wp-json\/wp\/v2\/users\/1"}],"replies":[{"embeddable":true,"href":"https:\/\/www.regioncuatronoticias.com\/index.php\/wp-json\/wp\/v2\/comments?post=25302"}],"version-history":[{"count":1,"href":"https:\/\/www.regioncuatronoticias.com\/index.php\/wp-json\/wp\/v2\/posts\/25302\/revisions"}],"predecessor-version":[{"id":25304,"href":"https:\/\/www.regioncuatronoticias.com\/index.php\/wp-json\/wp\/v2\/posts\/25302\/revisions\/25304"}],"wp:featuredmedia":[{"embeddable":true,"href":"https:\/\/www.regioncuatronoticias.com\/index.php\/wp-json\/wp\/v2\/media\/25303"}],"wp:attachment":[{"href":"https:\/\/www.regioncuatronoticias.com\/index.php\/wp-json\/wp\/v2\/media?parent=25302"}],"wp:term":[{"taxonomy":"category","embeddable":true,"href":"https:\/\/www.regioncuatronoticias.com\/index.php\/wp-json\/wp\/v2\/categories?post=25302"},{"taxonomy":"post_tag","embeddable":true,"href":"https:\/\/www.regioncuatronoticias.com\/index.php\/wp-json\/wp\/v2\/tags?post=25302"}],"curies":[{"name":"wp","href":"https:\/\/api.w.org\/{rel}","templated":true}]}}