{"id":25299,"date":"2025-03-01T22:20:46","date_gmt":"2025-03-02T05:20:46","guid":{"rendered":"https:\/\/www.regioncuatronoticias.com\/?p=25299"},"modified":"2025-03-01T22:20:49","modified_gmt":"2025-03-02T05:20:49","slug":"detienen-a-exsecretario-de-seguridad-publica-de-silvano-aureoles-y-tres-funcionarios-mas","status":"publish","type":"post","link":"https:\/\/www.regioncuatronoticias.com\/index.php\/2025\/03\/01\/detienen-a-exsecretario-de-seguridad-publica-de-silvano-aureoles-y-tres-funcionarios-mas\/","title":{"rendered":"Detienen a exsecretario de Seguridad P\u00fablica de Silvano Aureoles y tres funcionarios m\u00e1s"},"content":{"rendered":"\n<p><strong>Aunque ha trascendido la captura de Silvano Aureoles en Zapopan, Jalisco, ninguna autoridad ha confirmado su aprehensi\u00f3n<\/strong><\/p>\n\n\n\n<p>Tomado de La Silla Rota<\/p>\n\n\n\n<p>Carlos Arrieta y Roberto Trejo<\/p>\n\n\n\n<p>S\u00e1bado 1 de marzo de 2025<\/p>\n\n\n\n<p>El Registro Nacional de Detenciones confirm\u00f3 la captura de J. Antonio Bernal Bustamante, exsecretario de Seguridad P\u00fablica en el gobierno de Silvano Aureoles Conejo. Con su detenci\u00f3n, ya suman cuatro los exfuncionarios aprehendidos en las \u00faltimas horas, mientras que el exmandatario contin\u00faa pr\u00f3fugo.<\/p>\n\n\n\n<p>La Fiscal\u00eda General de la Rep\u00fablica detuvo a Bernal Bustamante alrededor de las 10:30 horas de este s\u00e1bado, cuando circulaba por la calle Ignacio Manuel Altamirano, en la localidad de Zimbrones, municipio de Zinacantepec, Estado de M\u00e9xico.<\/p>\n\n\n\n<p>A esta detenci\u00f3n se suman las de Carlos Maldonado Mendoza, exsecretario de Finanzas y Administraci\u00f3n, capturado en Estados Unidos y entregado en el Aeropuerto Internacional de la Ciudad de M\u00e9xico; Mario Delgado Murillo, exdelegado administrativo de la misma secretar\u00eda, y Elizabeth Villegas Pineda, exfuncionaria de la Secretar\u00eda de Seguridad P\u00fablica del estado.<\/p>\n\n\n\n<p>Por la tarde noche de este s\u00e1bado, el medio N+ inform\u00f3 que la Fiscal\u00eda General de la Rep\u00fablica implement\u00f3 un operativo de traslado, con ayuda de un veh\u00edculo Rino, de los 3 excolaboradores de Silvano Aureoles detenidos, quienes ser\u00e1n recluidos en el Reclusorio Oriente de la Ciudad de M\u00e9xico.<\/p>\n\n\n\n<p><strong>Silvano Aureoles est\u00e1 pr\u00f3fugo<\/strong><\/p>\n\n\n\n<p>Al ser consultadas, autoridades del gobierno estatal y federal confirmaron que Silvano Aureoles Conejo est\u00e1 pr\u00f3fugo de la justicia, pues cuenta con una orden de aprehensi\u00f3n en su contra.<\/p>\n\n\n\n<p>Aunque ha trascendido la captura del exmandatario perredista en Zapopan, Jalisco, hasta el momento ninguna autoridad lo ha confirmado de manera abierta.<\/p>\n\n\n\n<p>Los detenidos y los pr\u00f3fugos, incluido Aureoles Conejo, est\u00e1n acusados de peculado y otros delitos tanto del fuero federal como estatal.<\/p>\n\n\n\n<p><strong>\u00bfQui\u00e9n es Silvano Aureoles?<\/strong><\/p>\n\n\n\n<p>Silvano Aureoles Conejo, gobernador de Michoac\u00e1n entre 2015 y 2021, ha sido ampliamente cuestionado por sus excesos, excentricidades y presuntos malos manejos de los recursos p\u00fablicos, adem\u00e1s de su temperamento explosivo.<\/p>\n\n\n\n<p>Nacido el 23 de agosto de 1965 en Car\u00e1cuaro, enfrent\u00f3 fuertes cr\u00edticas junto con su gabinete cuando se revel\u00f3 que destinaba miles de millones de pesos del erario a la renta de helic\u00f3pteros para su uso personal, el de sus funcionarios, familiares y allegados.<\/p>\n\n\n\n<p>Militante del Partido de la Revoluci\u00f3n Democr\u00e1tica desde su fundaci\u00f3n, Aureoles tambi\u00e9n era aficionado a las aeronaves sigilosas y jets privados, los cuales rentaba a trav\u00e9s de contratos presuntamente irregulares con empresas del sector.<\/p>\n\n\n\n<p>Su administraci\u00f3n qued\u00f3 marcada por hechos de violencia, como la incursi\u00f3n de la Secretar\u00eda de Seguridad P\u00fablica en la comunidad ind\u00edgena de Arantepacua, donde cuatro habitantes \u2014incluyendo un menor de edad, un enfermero y dos carpinteros\u2014 fueron asesinados. La operaci\u00f3n tambi\u00e9n dej\u00f3 23 personas lesionadas, de las cuales 10 denunciaron haber sido torturadas por la polic\u00eda estatal.<\/p>\n\n\n\n<p>Durante su administraci\u00f3n, Michoac\u00e1n experiment\u00f3 un incremento significativo en la violencia. En 2015, cuando asumi\u00f3 el cargo, se registraron 2,041 homicidios, cifra que aument\u00f3 a 3,327 en 2021, el a\u00f1o en que concluy\u00f3 su mandato, seg\u00fan datos del Secretariado Ejecutivo del Sistema Nacional de Seguridad P\u00fablica.<\/p>\n\n\n\n<p>Como exdiputado federal y exsenador por el PRD, Aureoles fue el gobernador de Michoac\u00e1n que m\u00e1s viajes internacionales realiz\u00f3 con recursos p\u00fablicos.<\/p>\n\n\n\n<p>En 2024, Aureoles intent\u00f3 postularse a la Presidencia de la Rep\u00fablica como parte de la oposici\u00f3n, pero no logr\u00f3 obtener el respaldo necesario para ser el candidato presidencial.<\/p>\n\n\n\n<p><strong>\u00bfDe qu\u00e9 lo acusan?<\/strong><\/p>\n\n\n\n<p>Durante su mandato, tambi\u00e9n fue se\u00f1alado por presunta malversaci\u00f3n en la construcci\u00f3n de 11 cuarteles regionales para la Polic\u00eda Michoac\u00e1n, de los cuales solo se concluyeron ocho, pero con graves deficiencias. Elementos de la corporaci\u00f3n denunciaron que las instalaciones eran de mala calidad, con filtraciones de agua y materiales deficientes, a pesar de que la administraci\u00f3n silvanista los report\u00f3 con un costo superior a los 5 mil millones de pesos.<\/p>\n\n\n\n<p>Autoridades estatales y federales se\u00f1alaron que estos hechos motivaron a un juez federal a emitir una orden de aprehensi\u00f3n contra Silvano Aureoles y siete exfuncionarios de su gobierno.<\/p>\n\n\n\n<p>Hasta el momento, cuatro de ellos han sido detenidos por la Fiscal\u00eda General de la Rep\u00fablica, que mantiene abiertas al menos ocho carpetas de investigaci\u00f3n m\u00e1s en contra del exmandatario perredista y su gabinete.<\/p>\n\n\n\n<p><strong>El d\u00eda que Silvano Aureoles empuj\u00f3 a un manifestante<\/strong><\/p>\n\n\n\n<p>Uno de los hechos m\u00e1s pol\u00e9micos de su gobierno ocurri\u00f3 el 13 de abril de 2021, cuando, durante una visita al municipio de Aguililla, Aureoles baj\u00f3 de su camioneta para confrontar y empujar a Fernando Padilla, un profesor que protestaba por la violencia de los c\u00e1rteles en la regi\u00f3n. Este incidente desat\u00f3 protestas en contra del gobernador y en apoyo al profesor agredido.<\/p>\n\n\n\n<p>Aureoles ha sido una figura controvertida debido tanto a los problemas de seguridad durante su gesti\u00f3n como a las situaciones conflictivas que marcaron su mandato.<\/p>\n\n\n\n<p><a href=\"https:\/\/lasillarota.com\/estados\/2025\/3\/1\/reportan-orden-de-aprehension-contra-silvano-aureoles-exgobernador-de-michoacan-525365.html\">https:\/\/lasillarota.com\/estados\/2025\/3\/1\/reportan-orden-de-aprehension-contra-silvano-aureoles-exgobernador-de-michoacan-525365.html<\/a><\/p>\n","protected":false},"excerpt":{"rendered":"<p>Aunque ha trascendido la captura de Silvano Aureoles en Zapopan, Jalisco, ninguna autoridad ha confirmado su aprehensi\u00f3n Tomado de La Silla Rota Carlos Arrieta y Roberto Trejo S\u00e1bado 1 de marzo de 2025 El Registro Nacional de Detenciones confirm\u00f3 la captura de J. Antonio Bernal Bustamante, exsecretario de Seguridad P\u00fablica en el gobierno de Silvano [&hellip;]<\/p>\n","protected":false},"author":1,"featured_media":25300,"comment_status":"open","ping_status":"open","sticky":false,"template":"","format":"standard","meta":{"content-type":"","footnotes":""},"categories":[3,105,113],"tags":[],"class_list":{"0":"post-25299","1":"post","2":"type-post","3":"status-publish","4":"format-standard","5":"has-post-thumbnail","7":"category-mexico","8":"category-principal","9":"category-seguridad"},"_links":{"self":[{"href":"https:\/\/www.regioncuatronoticias.com\/index.php\/wp-json\/wp\/v2\/posts\/25299","targetHints":{"allow":["GET"]}}],"collection":[{"href":"https:\/\/www.regioncuatronoticias.com\/index.php\/wp-json\/wp\/v2\/posts"}],"about":[{"href":"https:\/\/www.regioncuatronoticias.com\/index.php\/wp-json\/wp\/v2\/types\/post"}],"author":[{"embeddable":true,"href":"https:\/\/www.regioncuatronoticias.com\/index.php\/wp-json\/wp\/v2\/users\/1"}],"replies":[{"embeddable":true,"href":"https:\/\/www.regioncuatronoticias.com\/index.php\/wp-json\/wp\/v2\/comments?post=25299"}],"version-history":[{"count":1,"href":"https:\/\/www.regioncuatronoticias.com\/index.php\/wp-json\/wp\/v2\/posts\/25299\/revisions"}],"predecessor-version":[{"id":25301,"href":"https:\/\/www.regioncuatronoticias.com\/index.php\/wp-json\/wp\/v2\/posts\/25299\/revisions\/25301"}],"wp:featuredmedia":[{"embeddable":true,"href":"https:\/\/www.regioncuatronoticias.com\/index.php\/wp-json\/wp\/v2\/media\/25300"}],"wp:attachment":[{"href":"https:\/\/www.regioncuatronoticias.com\/index.php\/wp-json\/wp\/v2\/media?parent=25299"}],"wp:term":[{"taxonomy":"category","embeddable":true,"href":"https:\/\/www.regioncuatronoticias.com\/index.php\/wp-json\/wp\/v2\/categories?post=25299"},{"taxonomy":"post_tag","embeddable":true,"href":"https:\/\/www.regioncuatronoticias.com\/index.php\/wp-json\/wp\/v2\/tags?post=25299"}],"curies":[{"name":"wp","href":"https:\/\/api.w.org\/{rel}","templated":true}]}}