{"id":25296,"date":"2025-03-01T22:16:55","date_gmt":"2025-03-02T05:16:55","guid":{"rendered":"https:\/\/www.regioncuatronoticias.com\/?p=25296"},"modified":"2025-03-01T22:16:57","modified_gmt":"2025-03-02T05:16:57","slug":"recibio-camara-de-diputados-el-plan-nacional-de-desarrollo-2025-2030","status":"publish","type":"post","link":"https:\/\/www.regioncuatronoticias.com\/index.php\/2025\/03\/01\/recibio-camara-de-diputados-el-plan-nacional-de-desarrollo-2025-2030\/","title":{"rendered":"Recibi\u00f3 C\u00e1mara de Diputados el Plan Nacional de Desarrollo 2025-2030"},"content":{"rendered":"\n<p><strong>El documento ser\u00e1 turnado a la Conferencia para la Direcci\u00f3n y Programaci\u00f3n de los Trabajos Legislativos<\/strong><\/p>\n\n\n\n<p>(Comunicado)<\/p>\n\n\n\n<p>La C\u00e1mara de Diputados recibi\u00f3 este viernes el Plan Nacional de Desarrollo 2025-2030, enviado por la presidenta de la Rep\u00fablica, Claudia Sheinbaum Pardo, para someterlo a consideraci\u00f3n del \u00f3rgano legislativo, conforme a lo establecido en el art\u00edculo 74 fracci\u00f3n VII de la Constituci\u00f3n Pol\u00edtica.<\/p>\n\n\n\n<p>Mediante sus redes sociales, el presidente de la Mesa Directiva de la C\u00e1mara de Diputados, Sergio Guti\u00e9rrez Luna, comunic\u00f3 que ser\u00e1 turnado a la Conferencia para la Direcci\u00f3n y Programaci\u00f3n de los Trabajos Legislativos, \u201cpara buscar su aprobaci\u00f3n en el Pleno\u201d.<\/p>\n\n\n\n<p>El documento, remitido a trav\u00e9s de la Secretar\u00eda de Gobernaci\u00f3n y publicado en la Gaceta Parlamentaria, expone que el Plan Nacional de Desarrollo (PND) es la gu\u00eda de los objetivos y acciones del gobierno de M\u00e9xico en los pr\u00f3ximos a\u00f1os, los cuales consisten en consolidar la transformaci\u00f3n del pa\u00eds bajo un modelo de desarrollo con bienestar, justicia social y sustentabilidad.<\/p>\n\n\n\n<p>Indica que a trav\u00e9s de este documento, enriquecido con el di\u00e1logo y la consulta ciudadana, se reafirma el compromiso del gobierno con el pueblo de M\u00e9xico de gobernar con honestidad, democracia, eficiencia y con una visi\u00f3n humanista.<\/p>\n\n\n\n<p>Este Plan, a\u00f1ade, se articula sobre cuatro ejes generales y tres ejes transversales que estructuran la pol\u00edtica p\u00fablica en su conjunto: Gobernanza con justicia y participaci\u00f3n ciudadana, Desarrollo con bienestar y humanismo, Econom\u00eda moral y trabajo, Desarrollo sustentable, Igualdad sustantiva y derechos de las mujeres, Innovaci\u00f3n p\u00fablica para el desarrollo tecnol\u00f3gico nacional, y Derechos de las comunidades ind\u00edgenas y afromexicanas.<\/p>\n\n\n\n<p>Hace menci\u00f3n que el proyecto de naci\u00f3n encabezado por la presidenta se fundamenta en los cien compromisos de gobierno para el periodo 2025-2030, mismos que se agrupan en las siguientes catorce rep\u00fablicas y fundamentan la elaboraci\u00f3n de este Plan Nacional de Desarrollo.<\/p>\n\n\n\n<p>Rep\u00fablica democr\u00e1tica, justa, honesta, libre, participativa y responsable; Rep\u00fablica fraterna; Rep\u00fablica educadora, humanista, y cient\u00edfica; Rep\u00fablica cultural y lectora;&nbsp; Rep\u00fablica sana; Rep\u00fablica con acceso a la vivienda; Rep\u00fablica de y para las mujeres; Rep\u00fablica con trabajo y salario justo; Rep\u00fablica rural justa y soberana; Rep\u00fablica soberana y con energ\u00eda sustentable; Rep\u00fablica pr\u00f3spera y conectada;&nbsp; Rep\u00fablica que protege el medio ambiente y sus recursos naturales;&nbsp; Rep\u00fablica con derecho al agua y Rep\u00fablica segura y con justicia.<\/p>\n\n\n\n<p>Detalla que este PND es un compromiso con el pueblo de M\u00e9xico. \u201cSe trata de hacer de M\u00e9xico una naci\u00f3n m\u00e1s igualitaria, productiva y sustentable, donde el bienestar y la prosperidad lleguen a todas y todos. La transformaci\u00f3n sigue y el futuro es de quienes luchan y trabajan por un pa\u00eds con justicia, democracia y dignidad\u201d.<\/p>\n\n\n\n<p><a href=\"https:\/\/comunicacionsocial.diputados.gob.mx\/index.php\/mesa\/la-camara-de-diputados-recibio-el-plan-nacional-de-desarrollo-2025-2030\">https:\/\/comunicacionsocial.diputados.gob.mx\/index.php\/mesa\/la-camara-de-diputados-recibio-el-plan-nacional-de-desarrollo-2025-2030<\/a><\/p>\n\n\n\n<p><\/p>\n","protected":false},"excerpt":{"rendered":"<p>El documento ser\u00e1 turnado a la Conferencia para la Direcci\u00f3n y Programaci\u00f3n de los Trabajos Legislativos (Comunicado) La C\u00e1mara de Diputados recibi\u00f3 este viernes el Plan Nacional de Desarrollo 2025-2030, enviado por la presidenta de la Rep\u00fablica, Claudia Sheinbaum Pardo, para someterlo a consideraci\u00f3n del \u00f3rgano legislativo, conforme a lo establecido en el art\u00edculo 74 [&hellip;]<\/p>\n","protected":false},"author":1,"featured_media":25297,"comment_status":"open","ping_status":"open","sticky":false,"template":"","format":"standard","meta":{"content-type":"","footnotes":""},"categories":[3,115],"tags":[],"class_list":{"0":"post-25296","1":"post","2":"type-post","3":"status-publish","4":"format-standard","5":"has-post-thumbnail","7":"category-mexico","8":"category-politica"},"_links":{"self":[{"href":"https:\/\/www.regioncuatronoticias.com\/index.php\/wp-json\/wp\/v2\/posts\/25296","targetHints":{"allow":["GET"]}}],"collection":[{"href":"https:\/\/www.regioncuatronoticias.com\/index.php\/wp-json\/wp\/v2\/posts"}],"about":[{"href":"https:\/\/www.regioncuatronoticias.com\/index.php\/wp-json\/wp\/v2\/types\/post"}],"author":[{"embeddable":true,"href":"https:\/\/www.regioncuatronoticias.com\/index.php\/wp-json\/wp\/v2\/users\/1"}],"replies":[{"embeddable":true,"href":"https:\/\/www.regioncuatronoticias.com\/index.php\/wp-json\/wp\/v2\/comments?post=25296"}],"version-history":[{"count":1,"href":"https:\/\/www.regioncuatronoticias.com\/index.php\/wp-json\/wp\/v2\/posts\/25296\/revisions"}],"predecessor-version":[{"id":25298,"href":"https:\/\/www.regioncuatronoticias.com\/index.php\/wp-json\/wp\/v2\/posts\/25296\/revisions\/25298"}],"wp:featuredmedia":[{"embeddable":true,"href":"https:\/\/www.regioncuatronoticias.com\/index.php\/wp-json\/wp\/v2\/media\/25297"}],"wp:attachment":[{"href":"https:\/\/www.regioncuatronoticias.com\/index.php\/wp-json\/wp\/v2\/media?parent=25296"}],"wp:term":[{"taxonomy":"category","embeddable":true,"href":"https:\/\/www.regioncuatronoticias.com\/index.php\/wp-json\/wp\/v2\/categories?post=25296"},{"taxonomy":"post_tag","embeddable":true,"href":"https:\/\/www.regioncuatronoticias.com\/index.php\/wp-json\/wp\/v2\/tags?post=25296"}],"curies":[{"name":"wp","href":"https:\/\/api.w.org\/{rel}","templated":true}]}}