{"id":25286,"date":"2025-03-01T18:53:00","date_gmt":"2025-03-02T01:53:00","guid":{"rendered":"https:\/\/www.regioncuatronoticias.com\/?p=25286"},"modified":"2025-03-01T18:53:02","modified_gmt":"2025-03-02T01:53:02","slug":"caso-ayotzinapa-cae-en-iztapalapa-el-kamala-declaro-que-disparo-a-normalistas-la-noche-de-iguala","status":"publish","type":"post","link":"https:\/\/www.regioncuatronoticias.com\/index.php\/2025\/03\/01\/caso-ayotzinapa-cae-en-iztapalapa-el-kamala-declaro-que-disparo-a-normalistas-la-noche-de-iguala\/","title":{"rendered":"Caso Ayotzinapa: Cae en Iztapalapa el \u201cKamala\u201d; declar\u00f3 que dispar\u00f3 a normalistas la noche de Iguala"},"content":{"rendered":"\n<p><strong>Seg\u00fan el expediente, el \u201cKamala\u201d confes\u00f3 que dispar\u00f3 a los normalistas la noche de Iguala, luego fueron llevados a una casa de seguridad donde fueron asesinados inmediatamente, y despu\u00e9s enterrados y quemados.<\/strong><\/p>\n\n\n\n<p>Tomado de Proceso<\/p>\n\n\n\n<p>Por Diana Lastiri<\/p>\n\n\n\n<p>Viernes 28 de febrero de 2025<\/p>\n\n\n\n<p>CIUDAD DE M\u00c9XICO (apro).- Elementos de la Fiscal\u00eda General de la Rep\u00fablica (FGR) detuvieron a Mart\u00edn Alejandro \u201cM\u201d, alias \u201cKamala\u201d quien supuestamente est\u00e1 vinculado con la desaparici\u00f3n de los 43 normalistas de Ayotzinapa.<\/p>\n\n\n\n<p>El operativo de captura se realiz\u00f3 en la alcald\u00eda Iztapalapa de la Ciudad de M\u00e9xico en cumplimiento a una orden emitida por delincuencia organizada y desaparici\u00f3n forzada.<\/p>\n\n\n\n<p>En la captura tambi\u00e9n participaron elementos de la Secretar\u00eda de Seguridad y Protecci\u00f3n Ciudadana (SSPC), Secretar\u00eda de la Defensa Nacional (Defensa), Secretar\u00eda de Marina (Semar) y Guardia Nacional (GN).<\/p>\n\n\n\n<p>De acuerdo con el expediente, el detenido declar\u00f3 sobre su participaci\u00f3n en el atentado contra los estudiantes los d\u00edas 26 y 27 de septiembre de 2014.<\/p>\n\n\n\n<p>As\u00ed detall\u00f3 que, por instrucciones de una persona identificada como \u201cChoky\u201d, le dispar\u00f3 a los normalistas en el centro de Iguala, Guerrero, donde fueron asegurados 17 estudiantes que posteriormente subieron a sus camionetas y fueron llevados a una casa de seguridad donde fueron asesinados inmediatamente.<\/p>\n\n\n\n<p>Que posteriormente utilizaron una excavadora para enterrarlos en el rancho donde se encontraban y a otros siete estudiantes los quemaron.<\/p>\n\n\n\n<p>De acuerdo con las autoridades, Mart\u00edn Alejandro \u201cM\u201d fue puesto a disposici\u00f3n del ministerio p\u00fablico Federal para definir su situaci\u00f3n legal.<\/p>\n\n\n\n<p><a href=\"https:\/\/www.proceso.com.mx\/nacional\/2025\/2\/28\/caso-ayotzinapa-cae-en-iztapalapa-el-kamala-declaro-que-disparo-normalistas-la-noche-de-iguala-346458.html\">https:\/\/www.proceso.com.mx\/nacional\/2025\/2\/28\/caso-ayotzinapa-cae-en-iztapalapa-el-kamala-declaro-que-disparo-normalistas-la-noche-de-iguala-346458.html<\/a><\/p>\n","protected":false},"excerpt":{"rendered":"<p>Seg\u00fan el expediente, el \u201cKamala\u201d confes\u00f3 que dispar\u00f3 a los normalistas la noche de Iguala, luego fueron llevados a una casa de seguridad donde fueron asesinados inmediatamente, y despu\u00e9s enterrados y quemados. Tomado de Proceso Por Diana Lastiri Viernes 28 de febrero de 2025 CIUDAD DE M\u00c9XICO (apro).- Elementos de la Fiscal\u00eda General de la [&hellip;]<\/p>\n","protected":false},"author":1,"featured_media":25287,"comment_status":"open","ping_status":"open","sticky":false,"template":"","format":"standard","meta":{"content-type":"","footnotes":""},"categories":[3,105,113],"tags":[],"class_list":{"0":"post-25286","1":"post","2":"type-post","3":"status-publish","4":"format-standard","5":"has-post-thumbnail","7":"category-mexico","8":"category-principal","9":"category-seguridad"},"_links":{"self":[{"href":"https:\/\/www.regioncuatronoticias.com\/index.php\/wp-json\/wp\/v2\/posts\/25286","targetHints":{"allow":["GET"]}}],"collection":[{"href":"https:\/\/www.regioncuatronoticias.com\/index.php\/wp-json\/wp\/v2\/posts"}],"about":[{"href":"https:\/\/www.regioncuatronoticias.com\/index.php\/wp-json\/wp\/v2\/types\/post"}],"author":[{"embeddable":true,"href":"https:\/\/www.regioncuatronoticias.com\/index.php\/wp-json\/wp\/v2\/users\/1"}],"replies":[{"embeddable":true,"href":"https:\/\/www.regioncuatronoticias.com\/index.php\/wp-json\/wp\/v2\/comments?post=25286"}],"version-history":[{"count":1,"href":"https:\/\/www.regioncuatronoticias.com\/index.php\/wp-json\/wp\/v2\/posts\/25286\/revisions"}],"predecessor-version":[{"id":25288,"href":"https:\/\/www.regioncuatronoticias.com\/index.php\/wp-json\/wp\/v2\/posts\/25286\/revisions\/25288"}],"wp:featuredmedia":[{"embeddable":true,"href":"https:\/\/www.regioncuatronoticias.com\/index.php\/wp-json\/wp\/v2\/media\/25287"}],"wp:attachment":[{"href":"https:\/\/www.regioncuatronoticias.com\/index.php\/wp-json\/wp\/v2\/media?parent=25286"}],"wp:term":[{"taxonomy":"category","embeddable":true,"href":"https:\/\/www.regioncuatronoticias.com\/index.php\/wp-json\/wp\/v2\/categories?post=25286"},{"taxonomy":"post_tag","embeddable":true,"href":"https:\/\/www.regioncuatronoticias.com\/index.php\/wp-json\/wp\/v2\/tags?post=25286"}],"curies":[{"name":"wp","href":"https:\/\/api.w.org\/{rel}","templated":true}]}}