{"id":25283,"date":"2025-03-01T18:47:10","date_gmt":"2025-03-02T01:47:10","guid":{"rendered":"https:\/\/www.regioncuatronoticias.com\/?p=25283"},"modified":"2025-03-01T18:47:12","modified_gmt":"2025-03-02T01:47:12","slug":"helicoptero-se-desploma-en-la-base-aerea-militar-numero-18-en-hermosillo","status":"publish","type":"post","link":"https:\/\/www.regioncuatronoticias.com\/index.php\/2025\/03\/01\/helicoptero-se-desploma-en-la-base-aerea-militar-numero-18-en-hermosillo\/","title":{"rendered":"Helic\u00f3ptero se desploma en la Base A\u00e9rea Militar N\u00famero 18 en Hermosillo"},"content":{"rendered":"\n<p><strong>Fue aproximadamente a las 13:00 horas, en las inmediaciones del Aeropuerto Internacional \u201cGeneral Ignacio Pesqueira Garc\u00eda\u201d, cuando se present\u00f3 el percance a\u00e9reo<\/strong><\/p>\n\n\n\n<p>Tomado de El Sol de Hermosillo<\/p>\n\n\n\n<p>Gustavo Moreno<\/p>\n\n\n\n<p>Viernes 28 de febrero de 2025<\/p>\n\n\n\n<p>Un helic\u00f3ptero se desplom\u00f3 a pocos metros del acceso de la Base A\u00e9rea Militar N\u00famero 18 en Hermosillo, al poniente de la ciudad.<\/p>\n\n\n\n<p>Fue aproximadamente a las 13:00 horas, en las inmediaciones del Aeropuerto Internacional de Hermosillo cuando se present\u00f3 el percance a\u00e9reo por el que la aeronave realiz\u00f3 un aterrizaje de emergencia debido a una presunta falla mec\u00e1nica.<\/p>\n\n\n\n<p>De acuerdo a Bomberos de Hermosillo, la unidad con matr\u00edcula XB-SEE, estaba por aterrizar en el hangar del aeropuerto, cuando se registr\u00f3 un problema en una de las h\u00e9lices posteriores, en la cola del helic\u00f3ptero.<\/p>\n\n\n\n<p>El colapso provoc\u00f3 que el helic\u00f3ptero diera varias vueltas sin control mientras volaba de oriente a poniente, con una h\u00e9lice desprendida, a punto de desplomarse sobre la v\u00eda p\u00fablica.<\/p>\n\n\n\n<p>La situaci\u00f3n se agrav\u00f3 cuando al parecer se present\u00f3 otro percance en el motor de la h\u00e9lice, lo que gener\u00f3 mayor temor entre los espectadores.<\/p>\n\n\n\n<p>Sin embargo, fue gracias al experto piloto que la aeronave logr\u00f3 aterrizar forzosamente en una parte de terreno enmontado en las inmediaciones de la base a\u00e9rea.<\/p>\n\n\n\n<p>Elementos del Departamento de Bomberos de Hermosillo atendieron el percance para dar la atenci\u00f3n correspondiente, reportando que no se encontraban personas lesionadas.<\/p>\n\n\n\n<p>Adem\u00e1s del piloto, en el helic\u00f3ptero viajaban dos pasajeros, quienes fueron llevados a un hospital privado para su valoraci\u00f3n m\u00e9dica.<\/p>\n\n\n\n<p>De inmediato personal de Bomberos de Hermosillo que se desplazaban por la zona acudieron para brindar auxilio, sin que se presentaran lesionados, pues en el helic\u00f3ptero viajaban adem\u00e1s del piloto, dos pasajeros.<\/p>\n\n\n\n<p><a href=\"https:\/\/oem.com.mx\/elsoldehermosillo\/policiaca\/helicoptero-se-desploma-en-la-base-aerea-militar-numero-18-en-hermosillo-21916125\">https:\/\/oem.com.mx\/elsoldehermosillo\/policiaca\/helicoptero-se-desploma-en-la-base-aerea-militar-numero-18-en-hermosillo-21916125<\/a><\/p>\n\n\n\n<p><\/p>\n","protected":false},"excerpt":{"rendered":"<p>Fue aproximadamente a las 13:00 horas, en las inmediaciones del Aeropuerto Internacional \u201cGeneral Ignacio Pesqueira Garc\u00eda\u201d, cuando se present\u00f3 el percance a\u00e9reo Tomado de El Sol de Hermosillo Gustavo Moreno Viernes 28 de febrero de 2025 Un helic\u00f3ptero se desplom\u00f3 a pocos metros del acceso de la Base A\u00e9rea Militar N\u00famero 18 en Hermosillo, al [&hellip;]<\/p>\n","protected":false},"author":1,"featured_media":25284,"comment_status":"open","ping_status":"open","sticky":false,"template":"","format":"standard","meta":{"content-type":"","footnotes":""},"categories":[8],"tags":[],"class_list":{"0":"post-25283","1":"post","2":"type-post","3":"status-publish","4":"format-standard","5":"has-post-thumbnail","7":"category-hermosillo"},"_links":{"self":[{"href":"https:\/\/www.regioncuatronoticias.com\/index.php\/wp-json\/wp\/v2\/posts\/25283","targetHints":{"allow":["GET"]}}],"collection":[{"href":"https:\/\/www.regioncuatronoticias.com\/index.php\/wp-json\/wp\/v2\/posts"}],"about":[{"href":"https:\/\/www.regioncuatronoticias.com\/index.php\/wp-json\/wp\/v2\/types\/post"}],"author":[{"embeddable":true,"href":"https:\/\/www.regioncuatronoticias.com\/index.php\/wp-json\/wp\/v2\/users\/1"}],"replies":[{"embeddable":true,"href":"https:\/\/www.regioncuatronoticias.com\/index.php\/wp-json\/wp\/v2\/comments?post=25283"}],"version-history":[{"count":1,"href":"https:\/\/www.regioncuatronoticias.com\/index.php\/wp-json\/wp\/v2\/posts\/25283\/revisions"}],"predecessor-version":[{"id":25285,"href":"https:\/\/www.regioncuatronoticias.com\/index.php\/wp-json\/wp\/v2\/posts\/25283\/revisions\/25285"}],"wp:featuredmedia":[{"embeddable":true,"href":"https:\/\/www.regioncuatronoticias.com\/index.php\/wp-json\/wp\/v2\/media\/25284"}],"wp:attachment":[{"href":"https:\/\/www.regioncuatronoticias.com\/index.php\/wp-json\/wp\/v2\/media?parent=25283"}],"wp:term":[{"taxonomy":"category","embeddable":true,"href":"https:\/\/www.regioncuatronoticias.com\/index.php\/wp-json\/wp\/v2\/categories?post=25283"},{"taxonomy":"post_tag","embeddable":true,"href":"https:\/\/www.regioncuatronoticias.com\/index.php\/wp-json\/wp\/v2\/tags?post=25283"}],"curies":[{"name":"wp","href":"https:\/\/api.w.org\/{rel}","templated":true}]}}