{"id":25274,"date":"2025-03-01T18:00:05","date_gmt":"2025-03-02T01:00:05","guid":{"rendered":"https:\/\/www.regioncuatronoticias.com\/?p=25274"},"modified":"2025-03-01T18:00:08","modified_gmt":"2025-03-02T01:00:08","slug":"caro-quintero-se-declara-inocente-de-cargos-de-narcotrafico-en-eu","status":"publish","type":"post","link":"https:\/\/www.regioncuatronoticias.com\/index.php\/2025\/03\/01\/caro-quintero-se-declara-inocente-de-cargos-de-narcotrafico-en-eu\/","title":{"rendered":"Caro Quintero se declara inocente de cargos de narcotr\u00e1fico en EU"},"content":{"rendered":"\n<p><strong>Caro Quintero, de 72 a\u00f1os, se declar\u00f3 inocente de los cargos de dirigir una empresa criminal, de tr\u00e1fico de drogas y de uso ilegal de armas de fuego en una audiencia ante el juez federal Robert Levy en Brooklyn<\/strong><\/p>\n\n\n\n<p>Tomado de Aristegui Noticias<\/p>\n\n\n\n<p>Redacci\u00f3n AN \/ ARF<\/p>\n\n\n\n<p>Viernes 28 de febrero de 2025<\/p>\n\n\n\n<p>Rafael Caro Quintero, jefe de un c\u00e1rtel que pas\u00f3 d\u00e9cadas en prisi\u00f3n en M\u00e9xico por el asesinato de un agente antidroga estadounidense, se declar\u00f3 el viernes no culpable ante un tribunal estadounidense de cargos de narcotr\u00e1fico que podr\u00edan acarrear su ejecuci\u00f3n.<\/p>\n\n\n\n<p>Las autoridades mexicanas entregaron el jueves a Caro Quintero y a otros 28 miembros presuntos narcotraficantes a Estados Unidos como parte de la mayor colaboraci\u00f3n en a\u00f1os.<\/p>\n\n\n\n<p>El presidente de Estados Unidos, Donald Trump, ha amenazado con imponer aranceles del 25% a los productos mexicanos a partir del 4 de marzo por lo que su administraci\u00f3n considera avances insuficientes para frenar el tr\u00e1fico de fentanilo y los flujos migratorios hacia Estados Unidos.<\/p>\n\n\n\n<p>Caro Quintero, de 72 a\u00f1os, se declar\u00f3 inocente de los cargos de dirigir una empresa criminal, de tr\u00e1fico de drogas y de uso ilegal de armas de fuego en una audiencia ante el juez federal Robert Levy en Brooklyn.<\/p>\n\n\n\n<p>El C\u00e1rtel de Guadalajara de Caro Quintero fue en su d\u00eda uno de los grupos de narcotraficantes m\u00e1s poderosos de Latinoam\u00e9rica y evolucion\u00f3 hasta convertirse en el actual C\u00e1rtel de Sinaloa.<\/p>\n\n\n\n<p>Caro pas\u00f3 28 a\u00f1os en prisi\u00f3n en M\u00e9xico por el asesinato en 1985 del exagente de la DEA Enrique \u201cKiki\u201d Camarena, en el que neg\u00f3 estar implicado.<\/p>\n\n\n\n<p><a href=\"https:\/\/aristeguinoticias.com\/280225\/mundo\/caro-quintero-se-declara-inocente-de-cargos-de-narcotrafico-en-eu\">https:\/\/aristeguinoticias.com\/280225\/mundo\/caro-quintero-se-declara-inocente-de-cargos-de-narcotrafico-en-eu<\/a><\/p>\n","protected":false},"excerpt":{"rendered":"<p>Caro Quintero, de 72 a\u00f1os, se declar\u00f3 inocente de los cargos de dirigir una empresa criminal, de tr\u00e1fico de drogas y de uso ilegal de armas de fuego en una audiencia ante el juez federal Robert Levy en Brooklyn Tomado de Aristegui Noticias Redacci\u00f3n AN \/ ARF Viernes 28 de febrero de 2025 Rafael Caro [&hellip;]<\/p>\n","protected":false},"author":1,"featured_media":25275,"comment_status":"open","ping_status":"open","sticky":false,"template":"","format":"standard","meta":{"content-type":"","footnotes":""},"categories":[7,113],"tags":[],"class_list":{"0":"post-25274","1":"post","2":"type-post","3":"status-publish","4":"format-standard","5":"has-post-thumbnail","7":"category-internacional","8":"category-seguridad"},"_links":{"self":[{"href":"https:\/\/www.regioncuatronoticias.com\/index.php\/wp-json\/wp\/v2\/posts\/25274","targetHints":{"allow":["GET"]}}],"collection":[{"href":"https:\/\/www.regioncuatronoticias.com\/index.php\/wp-json\/wp\/v2\/posts"}],"about":[{"href":"https:\/\/www.regioncuatronoticias.com\/index.php\/wp-json\/wp\/v2\/types\/post"}],"author":[{"embeddable":true,"href":"https:\/\/www.regioncuatronoticias.com\/index.php\/wp-json\/wp\/v2\/users\/1"}],"replies":[{"embeddable":true,"href":"https:\/\/www.regioncuatronoticias.com\/index.php\/wp-json\/wp\/v2\/comments?post=25274"}],"version-history":[{"count":1,"href":"https:\/\/www.regioncuatronoticias.com\/index.php\/wp-json\/wp\/v2\/posts\/25274\/revisions"}],"predecessor-version":[{"id":25276,"href":"https:\/\/www.regioncuatronoticias.com\/index.php\/wp-json\/wp\/v2\/posts\/25274\/revisions\/25276"}],"wp:featuredmedia":[{"embeddable":true,"href":"https:\/\/www.regioncuatronoticias.com\/index.php\/wp-json\/wp\/v2\/media\/25275"}],"wp:attachment":[{"href":"https:\/\/www.regioncuatronoticias.com\/index.php\/wp-json\/wp\/v2\/media?parent=25274"}],"wp:term":[{"taxonomy":"category","embeddable":true,"href":"https:\/\/www.regioncuatronoticias.com\/index.php\/wp-json\/wp\/v2\/categories?post=25274"},{"taxonomy":"post_tag","embeddable":true,"href":"https:\/\/www.regioncuatronoticias.com\/index.php\/wp-json\/wp\/v2\/tags?post=25274"}],"curies":[{"name":"wp","href":"https:\/\/api.w.org\/{rel}","templated":true}]}}