{"id":25265,"date":"2025-03-01T17:42:00","date_gmt":"2025-03-02T00:42:00","guid":{"rendered":"https:\/\/www.regioncuatronoticias.com\/?p=25265"},"modified":"2025-03-01T17:42:03","modified_gmt":"2025-03-02T00:42:03","slug":"trump-humilla-a-zelenski-en-reunion-en-la-casa-blanca-europa-da-espaldarazo-al-ucraniano-tras-incidente","status":"publish","type":"post","link":"https:\/\/www.regioncuatronoticias.com\/index.php\/2025\/03\/01\/trump-humilla-a-zelenski-en-reunion-en-la-casa-blanca-europa-da-espaldarazo-al-ucraniano-tras-incidente\/","title":{"rendered":"Trump humilla a Zelenski en reuni\u00f3n en la Casa Blanca; Europa da espaldarazo al ucraniano tras incidente"},"content":{"rendered":"\n<p><strong>El presidente estadounidense levanta la voz a su hom\u00f3logo ucranio en la Casa Blanca y le reprocha que haya sido \u201cirrespetuoso\u201d<\/strong><\/p>\n\n\n\n<p>Tomado de El Pa\u00eds<\/p>\n\n\n\n<p>Macarena Vidal<\/p>\n\n\n\n<p>Viernes 28 de febrero de 2025<\/p>\n\n\n\n<p>Los presidentes de Estados Unidos, Donald Trump, y Ucrania, Volod\u00edmir Zelenski, se han enzarzado, de manera muy p\u00fablica, en una in\u00e9dita disputa, con las voces en alto e interrumpi\u00e9ndose el uno al otro, al comienzo de su reuni\u00f3n en el Despacho Oval para tratar sobre el futuro de la guerra este viernes. El republicano, que recib\u00eda por primera vez al l\u00edder ucranio en la Casa Blanca, ha advertido al l\u00edder del pa\u00eds invadido: \u201cUsted no tiene cartas\u201d que jugar en una negociaci\u00f3n y lo ha acusado directamente: \u201cEst\u00e1 jugando con la tercera guerra mundial\u201d.<\/p>\n\n\n\n<p>\u201cO llega a un acuerdo, o nosotros nos vamos\u201d, ha declarado el presidente estadounidense, en una discusi\u00f3n desarrollada delante de la prensa, algo sin precedentes en la historia diplom\u00e1tica contempor\u00e1nea. \u201cY si nos vamos, se van a quedar solos luchando, y no va a ser nada bonito. Se van a quedar luchando, y no tienen con qu\u00e9\u201d, ha continuado su reproche. La hostilidad se percib\u00eda claramente en los rostros de ambos y el choque que han protagonizado genera una enorme incertidumbre respecto al apoyo a corto plazo que recibir\u00e1 Ucrania de Estados Unidos.<\/p>\n\n\n\n<p>La disputa hab\u00eda comenzado cuando Zelenski advert\u00eda en contra de cerrar acuerdos con el presidente ruso, Vlad\u00edmir Putin, al recordar que su pa\u00eds ya firm\u00f3 pactos de paz con Mosc\u00fa despu\u00e9s de que Rusia ocupara Crimea y parte del este de Ucrania, los llamados acuerdos de Minsk, y el pa\u00eds vecino los incumpli\u00f3. El vicepresidente estadounidense, J. D. Vance, sentado al lado de Trump, le replic\u00f3 que consideraba \u201cirrespetuoso\u201d el hecho de \u201cvenir al Despacho Oval y pelearse delante de los medios\u201d, lo que supone culpar de Zelenski de los bruscos comentarios de Trump.<\/p>\n\n\n\n<p>\u201cEsto no va a funcionar a menos que haya un cambio de actitud\u201d, agregaba Trump, que declaraba: \u201cPutin quiere un acuerdo, pero no s\u00e9 si usted quiere un acuerdo\u201d.<\/p>\n\n\n\n<p>El choque era tanto m\u00e1s sorprendente cuando el presidente estadounidense, que la semana pasada se hab\u00eda mostrado muy cr\u00edtico, incluso insultante con Zelenski, en los \u00faltimos d\u00edas parec\u00eda haber suavizado su postura y hab\u00eda llegado a asegurar que har\u00eda lo posible en sus negociaciones con Mosc\u00fa para que Ucrania recuperara parte del territorio ocupado por Rusia.<\/p>\n\n\n\n<p>La semana pasada el presidente estadounidense arremeti\u00f3 contra el ucranio con una retah\u00edla de acusaciones falsas, entre ellas que es un \u201cdictador sin elecciones\u201d y que la responsabilidad de la guerra es suya, que Kiev \u201ccomenz\u00f3\u201d la guerra. A su vez, Zelenski le acusaba de vivir en una \u201cburbuja de desinformaci\u00f3n\u201d de propaganda rusa.<\/p>\n\n\n\n<p><a href=\"https:\/\/elpais.com\/internacional\/2025-02-28\/trump-humilla-a-zelenski-en-una-tensa-reunion-en-la-casa-blanca-esta-jugando-con-la-tercera-guerra-mundial.html\">https:\/\/elpais.com\/internacional\/2025-02-28\/trump-humilla-a-zelenski-en-una-tensa-reunion-en-la-casa-blanca-esta-jugando-con-la-tercera-guerra-mundial.html<\/a><\/p>\n\n\n\n<p><strong>EUROPA DA ESPALDARAZO A ZELENSKI TRAS DESENCUENTRO CON TRUMP<\/strong><\/p>\n\n\n\n<p><strong>Este viernes el presidente de Estados Unidos, Donald Trump, recibi\u00f3 a su hom\u00f3logo de Ucrania, Volod\u00edmir Zenenski en su despacho oval.<\/strong><\/p>\n\n\n\n<p>Tomado de Aristegui Noticias<\/p>\n\n\n\n<p>Redacci\u00f3n AN \/ ES<\/p>\n\n\n\n<p>Viernes 28 de febrero de 2025<\/p>\n\n\n\n<p>La gran mayor\u00eda de jefes de Estado europeos mostraron su apoyo f\u00e9rreo al presidente ucraniano, Volod\u00edmir Zelenski, en un gesto de uni\u00f3n tras el tenso y tormentoso encuentro que mantuvo con su hom\u00f3logo estadounidense, Donald Trump.<\/p>\n\n\n\n<p>\u201cUcrania, Espa\u00f1a est\u00e1 contigo\u201c, escribi\u00f3 el presidente espa\u00f1ol, Pedro S\u00e1nchez, en un mensaje en X en espa\u00f1ol, ingl\u00e9s y ucraniano con las banderas de Espa\u00f1a y Ucrania que escribi\u00f3 minutos despu\u00e9s de que Zelenski saliera de la Casa Blanca tras la discusi\u00f3n abierta en el Despacho Oval y los ataques verbales de Trump y del vicepresidente estadounidense, JD Vance.<\/p>\n\n\n\n<p>Desde la UE, los presidentes de la Comisi\u00f3n Europea, Ursula von der Leyen; del Consejo Europeo, Ant\u00f3nio Costa, y de la Euroc\u00e1mara, Roberta Metsola, enviaron un mensaje a Zelenski asegurando que \u201csu dignidad honra la valent\u00eda del pueblo ucraniano\u201d.<\/p>\n\n\n\n<p>\u201cS\u00e9 fuerte, s\u00e9 valiente, s\u00e9 intr\u00e9pido. No est\u00e1s solo, querido presidente Zelenski. Vamos a continuar trabajando contigo por una paz justa y duradera\u201d, a\u00f1adieron von der Leyen, Metsola y Costa.<\/p>\n\n\n\n<p><strong>\u201cNo est\u00e1n solos\u201d<\/strong><\/p>\n\n\n\n<p>El presidente franc\u00e9s, Emmanuel Macron, fue uno de los primeros en defender al ucraniano, asegurando en declaraciones a medios franceses en Portugal que \u201chay que respetar a quienes luchan desde el principio\u201d, en una referencia a Ucrania y su resistencia ante la invasi\u00f3n rusa.<\/p>\n\n\n\n<p>\u201cCreo que todos hemos tenido raz\u00f3n al ayudar a Ucrania y sancionar a Rusia hace tres a\u00f1os y al continuar haci\u00e9ndolo. Y cuando digo nosotros, son Estados Unidos, los europeos, los canadienses, los japoneses y algunos m\u00e1s\u201d, insisti\u00f3 el franc\u00e9s.<\/p>\n\n\n\n<p>Por su parte, el gobierno alem\u00e1n reiter\u00f3 su \u201capoyo inquebrantable\u201d a Ucrania con un mensaje de la ministra de Exteriores saliente, Annalena Baerbock, que dec\u00eda que \u201cUcrania no est\u00e1 sola\u201d, a lo que el canciller alem\u00e1n saliente, Olaf Scholz, a\u00f1adi\u00f3: \u201cUcrania puede confiar en el apoyo de Alemania, de Europa\u201d para buscar \u201cjuntos el camino hacia una paz duradera y justa\u201d.<\/p>\n\n\n\n<p>Pr\u00e1cticamente esas mismas palabras escogi\u00f3 el primer ministro polaco, Donald Tusk: \u201cQuerido Zelenski, queridos amigos ucranianos: no est\u00e1n solos\u201d.<\/p>\n\n\n\n<p>Esta uni\u00f3n tambi\u00e9n fue lo destacado por el primer ministro belga, Bart de Weber, quien asegur\u00f3 que la lucha de Ucrania es la suya, mientras que el primer ministro neerland\u00e9s, Dick Schoof, dijo: \u201cPa\u00edses Bajos apoya a Ucrania sin fisuras. Especialmente ahora. Queremos una paz duradera y el fin de la guerra de agresi\u00f3n iniciada por Rusia\u201d.<\/p>\n\n\n\n<p><strong>La tormentosa reuni\u00f3n<\/strong><\/p>\n\n\n\n<p>Zelenski abandon\u00f3 la Casa Blanca tras un duro enfrentamiento dial\u00e9ctico con Trump y el vicepresidente estadounidenses, JD Vance, sin responder a las preguntas sobre el futuro del pacto de minerales que ambos ten\u00edan previsto suscribir y que se qued\u00f3 finalmente sin rubricar, seg\u00fan anunciaron fuentes de la Casa Blanca.<\/p>\n\n\n\n<p>Entre otros reproches, Trump dijo a Zelenski que no estaba en posici\u00f3n de negociar y le acus\u00f3 de \u201cjugar\u201d con la vida de millones de personas y con la Tercera Guerra Mundial.<\/p>\n\n\n\n<p>Tras el encuentro, el propio Trump se refiri\u00f3 en redes sociales a la reuni\u00f3n y afirm\u00f3 que no negociar\u00e1 con \u00e9l. Le recrimin\u00f3 por haber \u201cfaltado al respeto\u201d a Estados Unidos y a\u00f1adi\u00f3 que Zelenski podr\u00e1 volver cuando \u201cest\u00e9 listo para la paz\u201d.<\/p>\n\n\n\n<p>El presidente ucraniano, por su parte, afirm\u00f3 poco despu\u00e9s en la red social X que Kiev est\u00e1 trabajando para lograr \u201cuna paz justa y duradera\u201d y dio las gracias \u201cal presidente de EU, al Congreso y al pueblo estadounidense\u201d.<\/p>\n\n\n\n<p><a href=\"https:\/\/aristeguinoticias.com\/280225\/mundo\/europa-da-espaldarazo-a-zelenski-tras-desencuentro-con-trump\">https:\/\/aristeguinoticias.com\/280225\/mundo\/europa-da-espaldarazo-a-zelenski-tras-desencuentro-con-trump<\/a><\/p>\n","protected":false},"excerpt":{"rendered":"<p>El presidente estadounidense levanta la voz a su hom\u00f3logo ucranio en la Casa Blanca y le reprocha que haya sido \u201cirrespetuoso\u201d Tomado de El Pa\u00eds Macarena Vidal Viernes 28 de febrero de 2025 Los presidentes de Estados Unidos, Donald Trump, y Ucrania, Volod\u00edmir Zelenski, se han enzarzado, de manera muy p\u00fablica, en una in\u00e9dita disputa, [&hellip;]<\/p>\n","protected":false},"author":1,"featured_media":25266,"comment_status":"open","ping_status":"open","sticky":false,"template":"","format":"standard","meta":{"content-type":"","footnotes":""},"categories":[7,105],"tags":[],"class_list":{"0":"post-25265","1":"post","2":"type-post","3":"status-publish","4":"format-standard","5":"has-post-thumbnail","7":"category-internacional","8":"category-principal"},"_links":{"self":[{"href":"https:\/\/www.regioncuatronoticias.com\/index.php\/wp-json\/wp\/v2\/posts\/25265","targetHints":{"allow":["GET"]}}],"collection":[{"href":"https:\/\/www.regioncuatronoticias.com\/index.php\/wp-json\/wp\/v2\/posts"}],"about":[{"href":"https:\/\/www.regioncuatronoticias.com\/index.php\/wp-json\/wp\/v2\/types\/post"}],"author":[{"embeddable":true,"href":"https:\/\/www.regioncuatronoticias.com\/index.php\/wp-json\/wp\/v2\/users\/1"}],"replies":[{"embeddable":true,"href":"https:\/\/www.regioncuatronoticias.com\/index.php\/wp-json\/wp\/v2\/comments?post=25265"}],"version-history":[{"count":1,"href":"https:\/\/www.regioncuatronoticias.com\/index.php\/wp-json\/wp\/v2\/posts\/25265\/revisions"}],"predecessor-version":[{"id":25267,"href":"https:\/\/www.regioncuatronoticias.com\/index.php\/wp-json\/wp\/v2\/posts\/25265\/revisions\/25267"}],"wp:featuredmedia":[{"embeddable":true,"href":"https:\/\/www.regioncuatronoticias.com\/index.php\/wp-json\/wp\/v2\/media\/25266"}],"wp:attachment":[{"href":"https:\/\/www.regioncuatronoticias.com\/index.php\/wp-json\/wp\/v2\/media?parent=25265"}],"wp:term":[{"taxonomy":"category","embeddable":true,"href":"https:\/\/www.regioncuatronoticias.com\/index.php\/wp-json\/wp\/v2\/categories?post=25265"},{"taxonomy":"post_tag","embeddable":true,"href":"https:\/\/www.regioncuatronoticias.com\/index.php\/wp-json\/wp\/v2\/tags?post=25265"}],"curies":[{"name":"wp","href":"https:\/\/api.w.org\/{rel}","templated":true}]}}