{"id":25256,"date":"2025-03-01T17:02:05","date_gmt":"2025-03-02T00:02:05","guid":{"rendered":"https:\/\/www.regioncuatronoticias.com\/?p=25256"},"modified":"2025-03-01T17:02:07","modified_gmt":"2025-03-02T00:02:07","slug":"alfonso-durazo-y-claudia-sheinbaum-reafirman-compromiso-con-el-programa-nacional-de-vivienda-en-sonora","status":"publish","type":"post","link":"https:\/\/www.regioncuatronoticias.com\/index.php\/2025\/03\/01\/alfonso-durazo-y-claudia-sheinbaum-reafirman-compromiso-con-el-programa-nacional-de-vivienda-en-sonora\/","title":{"rendered":"Alfonso Durazo y Claudia Sheinbaum reafirman compromiso con el Programa Nacional de Vivienda en Sonora"},"content":{"rendered":"\n<p><strong>-El gobernador de Sonora y la presidenta de M\u00e9xico revisaron los avances del Programa Nacional de Vivienda para el Bienestar, que arranc\u00f3 en Sonora el pasado 23 de febrero, a trav\u00e9s de un enlace virtual durante la conferencia matutina en Palacio Nacional.<\/strong><\/p>\n\n\n\n<p><strong>-El mandatario estatal reconoci\u00f3 el respaldo de la presidenta Sheinbaum a Sonora para el inicio de este programa, que prev\u00e9 la construcci\u00f3n de 33,800 viviendas en el estado, priorizando a familias de bajos ingresos, j\u00f3venes y mujeres trabajadoras, y que permitir\u00e1 la creaci\u00f3n de 380 mil empleos directos e indirectos en la regi\u00f3n.<\/strong><\/p>\n\n\n\n<p>Hermosillo, Sonora; 28 de febrero de 2024.\u2013 Para dar seguimiento a los acuerdos del Programa Nacional de Vivienda para el Bienestar, que inici\u00f3 el pasado domingo 23 de febrero en Cajeme, Sonora, el gobernador Alfonso Durazo Monta\u00f1o y la presidenta Claudia Sheinbaum Pardo realizaron un enlace virtual durante la conferencia matutina en Palacio Nacional.<\/p>\n\n\n\n<p>Ambos mandatarios reafirmaron su compromiso con la construcci\u00f3n de 33 mil 800 viviendas en el estado, con el objetivo de facilitar el acceso a un patrimonio seguro para las familias de menores ingresos, j\u00f3venes y mujeres trabajadoras.<\/p>\n\n\n\n<p>El gobernador Durazo destac\u00f3 que, en los primeros seis meses, se construir\u00e1n cuatro mil 587 viviendas en Sonora, comenzando con 328 en Cajeme. Adem\u00e1s, record\u00f3 que el plan contempla la entrega de 30 mil escrituras y la generaci\u00f3n de m\u00e1s de 380 mil empleos directos e indirectos, impulsando as\u00ed la econom\u00eda regional.<\/p>\n\n\n\n<p>\u201cEste programa de vivienda no solo es hist\u00f3rico, sino que lo veo, dir\u00edan en palabras de mi pueblo, como el horc\u00f3n del centro de la pol\u00edtica social de la Cuarta Transformaci\u00f3n. Celebro, presidenta, su visi\u00f3n y su compromiso social, y quiero decirle que, no obstante que aqu\u00ed en Sonora la meta es muy ambiciosa, estamos listos para cumplirla. Gracias por su respaldo\u201d, expres\u00f3.<\/p>\n\n\n\n<p>Durante el enlace, la presidenta Sheinbaum reiter\u00f3 su apoyo a los programas sociales y proyectos en Sonora que forman parte de la agenda prioritaria del Gobierno de M\u00e9xico para el desarrollo y la prosperidad de las familias sonorenses.<\/p>\n\n\n\n<p>\u201cGracias, Alfonso Durazo, por todo tu trabajo. Muchas gracias y felicidades por todo tu esfuerzo, Alfonso, siempre\u201d, resalt\u00f3 la presidenta Claudia Sheinbaum Pardo.<\/p>\n","protected":false},"excerpt":{"rendered":"<p>-El gobernador de Sonora y la presidenta de M\u00e9xico revisaron los avances del Programa Nacional de Vivienda para el Bienestar, que arranc\u00f3 en Sonora el pasado 23 de febrero, a trav\u00e9s de un enlace virtual durante la conferencia matutina en Palacio Nacional. -El mandatario estatal reconoci\u00f3 el respaldo de la presidenta Sheinbaum a Sonora para [&hellip;]<\/p>\n","protected":false},"author":1,"featured_media":25257,"comment_status":"open","ping_status":"open","sticky":false,"template":"","format":"standard","meta":{"content-type":"","footnotes":""},"categories":[105,9],"tags":[],"class_list":{"0":"post-25256","1":"post","2":"type-post","3":"status-publish","4":"format-standard","5":"has-post-thumbnail","7":"category-principal","8":"category-sonora"},"_links":{"self":[{"href":"https:\/\/www.regioncuatronoticias.com\/index.php\/wp-json\/wp\/v2\/posts\/25256","targetHints":{"allow":["GET"]}}],"collection":[{"href":"https:\/\/www.regioncuatronoticias.com\/index.php\/wp-json\/wp\/v2\/posts"}],"about":[{"href":"https:\/\/www.regioncuatronoticias.com\/index.php\/wp-json\/wp\/v2\/types\/post"}],"author":[{"embeddable":true,"href":"https:\/\/www.regioncuatronoticias.com\/index.php\/wp-json\/wp\/v2\/users\/1"}],"replies":[{"embeddable":true,"href":"https:\/\/www.regioncuatronoticias.com\/index.php\/wp-json\/wp\/v2\/comments?post=25256"}],"version-history":[{"count":1,"href":"https:\/\/www.regioncuatronoticias.com\/index.php\/wp-json\/wp\/v2\/posts\/25256\/revisions"}],"predecessor-version":[{"id":25258,"href":"https:\/\/www.regioncuatronoticias.com\/index.php\/wp-json\/wp\/v2\/posts\/25256\/revisions\/25258"}],"wp:featuredmedia":[{"embeddable":true,"href":"https:\/\/www.regioncuatronoticias.com\/index.php\/wp-json\/wp\/v2\/media\/25257"}],"wp:attachment":[{"href":"https:\/\/www.regioncuatronoticias.com\/index.php\/wp-json\/wp\/v2\/media?parent=25256"}],"wp:term":[{"taxonomy":"category","embeddable":true,"href":"https:\/\/www.regioncuatronoticias.com\/index.php\/wp-json\/wp\/v2\/categories?post=25256"},{"taxonomy":"post_tag","embeddable":true,"href":"https:\/\/www.regioncuatronoticias.com\/index.php\/wp-json\/wp\/v2\/tags?post=25256"}],"curies":[{"name":"wp","href":"https:\/\/api.w.org\/{rel}","templated":true}]}}