{"id":2524,"date":"2023-11-07T22:20:28","date_gmt":"2023-11-08T05:20:28","guid":{"rendered":"https:\/\/www.regioncuatronoticias.com\/?p=2524"},"modified":"2023-11-07T22:20:29","modified_gmt":"2023-11-08T05:20:29","slug":"si-he-ido-a-acapulco-he-hablado-con-la-gente-amlo-arremete-contra-sus-criticos-por-devastacion-de-otis","status":"publish","type":"post","link":"https:\/\/www.regioncuatronoticias.com\/index.php\/2023\/11\/07\/si-he-ido-a-acapulco-he-hablado-con-la-gente-amlo-arremete-contra-sus-criticos-por-devastacion-de-otis\/","title":{"rendered":"&#8220;S\u00ed he ido a Acapulco, he hablado con la gente\u201d: AMLO arremete contra sus cr\u00edticos por devastaci\u00f3n de Otis"},"content":{"rendered":"\n<p>L\u00f3pez Obrador se lanz\u00f3 contra \u201csus adversarios\u201d por se\u00f1alar que no ha ido a Acapulco tras la circunstancia provocada por el cicl\u00f3n Otis<\/p>\n\n\n\n<p>NOVIEMBRE 7, 2023<\/p>\n\n\n\n<p>El presidente Andr\u00e9s Manuel L\u00f3pez Obrador dej\u00f3 en claro que s\u00ed ha visitado Acapulco, en Guerrero, en tres ocasiones desde la devastaci\u00f3n provocada por el hurac\u00e1n Otis, que hasta el momento ha dejado un saldo de 48 muertos, donde incluso apunt\u00f3 que recorri\u00f3 toda la zona afectada y que habl\u00f3 con la gente damnificada.<\/p>\n\n\n\n<p>En la conferencia matutina de Palacio Nacional y tras anunciar una vista a Acapulco este martes, L\u00f3pez Obrador se lanz\u00f3 contra sus adversarios por se\u00f1alar que no ha ido al puerto guerrerense tras la circunstancia provocada por el cicl\u00f3n Otis.<\/p>\n\n\n\n<p>Vamos a la reuni\u00f3n en la Base Naval de Acapulco. Ya hemos estado con la visita de hoy en tres ocasiones en Acapulco y lo digo porque los adversarios, politiqueros, han sostenido de que no he ido a Acapulco y fui desde el primer d\u00eda y recorr\u00ed, todo y habl\u00e9 con la gente y me di cuenta de todos los da\u00f1os y de los que hab\u00eda que hacerse para llevar aa cabo el plan de reconstrucci\u00f3n\u201d, dijo.<\/p>\n\n\n\n<p>El mandatario mexicano asever\u00f3 que hay quienes est\u00e1n utilizando la tragedia de Acapulco con prop\u00f3sitos politiqueros contra el Gobierno de la Cuarta Transformaci\u00f3n.<\/p>\n\n\n\n<p>\u201cLo que sucede, ya ni deber\u00eda de decirlo, pero como no dejan de mentir en los medios de manipulaci\u00f3n, peri\u00f3dicos, estaciones de radio, televisi\u00f3n, tengo que decirle a la gente de que est\u00e1n utilizando este lamentable caso de Acapulco con prop\u00f3sitos politiqueros\u201d, indic\u00f3.<\/p>\n\n\n\n<p>\u201cLos que est\u00e1n en campa\u00f1a, los que quieren regresar por sus fueros, los corruptos, los de la mafia del poder, los conservadores, que no se cansaron de robar, no tienen llenadera y quieren seguir medrando, lucrando, robando mientras la mayor\u00eda del pueblo de M\u00e9xico vive en la pobreza, porque no es que les importe la gente, nunca les ha importado, son muy individualistas, muy ego\u00edstas y muy corruptos, y el Gobierno era un bot\u00edn, mejor dicho el presupuesto, que es dinero del pueblo, se quedaba en unas cuantas manos y no solo se robaban el presupuesto del pueblo, se robaban los bienes del pueblo y de la naci\u00f3n, se dedicaron a saquear como nunca en la historia de M\u00e9xico\u201d, subray\u00f3.<\/p>\n\n\n\n<p>L\u00f3pez Obrador indic\u00f3 que actualmente se lleva a cabo una transformaci\u00f3n donde \u201ces el pueblo el protagonista principal de esta nueva historia\u201d.<\/p>\n\n\n\n<p>\u201cLes molesta mucho y utilizan todos los medios para atacarnos, afortunadamente ya el pueblo despert\u00f3 porque este cambio fue acompa\u00f1ado de un proceso de toma de conciencia, este cambio es el fruto de una revoluci\u00f3n de las consciencias, y siempre he dicho que lo m\u00e1s importante es el cambio de mentalidad del pueblo\u201d, agreg\u00f3.<\/p>\n\n\n\n<p>Con informaci\u00f3n de L\u00f3pez-D\u00f3riga Digital<\/p>\n","protected":false},"excerpt":{"rendered":"<p>L\u00f3pez Obrador se lanz\u00f3 contra \u201csus adversarios\u201d por se\u00f1alar que no ha ido a Acapulco tras la circunstancia provocada por el cicl\u00f3n Otis NOVIEMBRE 7, 2023 El presidente Andr\u00e9s Manuel L\u00f3pez Obrador dej\u00f3 en claro que s\u00ed ha visitado Acapulco, en Guerrero, en tres ocasiones desde la devastaci\u00f3n provocada por el hurac\u00e1n Otis, que hasta [&hellip;]<\/p>\n","protected":false},"author":1,"featured_media":2525,"comment_status":"open","ping_status":"open","sticky":false,"template":"","format":"standard","meta":{"content-type":"","footnotes":""},"categories":[117,3,115],"tags":[],"class_list":{"0":"post-2524","1":"post","2":"type-post","3":"status-publish","4":"format-standard","5":"has-post-thumbnail","7":"category-general","8":"category-mexico","9":"category-politica"},"_links":{"self":[{"href":"https:\/\/www.regioncuatronoticias.com\/index.php\/wp-json\/wp\/v2\/posts\/2524","targetHints":{"allow":["GET"]}}],"collection":[{"href":"https:\/\/www.regioncuatronoticias.com\/index.php\/wp-json\/wp\/v2\/posts"}],"about":[{"href":"https:\/\/www.regioncuatronoticias.com\/index.php\/wp-json\/wp\/v2\/types\/post"}],"author":[{"embeddable":true,"href":"https:\/\/www.regioncuatronoticias.com\/index.php\/wp-json\/wp\/v2\/users\/1"}],"replies":[{"embeddable":true,"href":"https:\/\/www.regioncuatronoticias.com\/index.php\/wp-json\/wp\/v2\/comments?post=2524"}],"version-history":[{"count":1,"href":"https:\/\/www.regioncuatronoticias.com\/index.php\/wp-json\/wp\/v2\/posts\/2524\/revisions"}],"predecessor-version":[{"id":2526,"href":"https:\/\/www.regioncuatronoticias.com\/index.php\/wp-json\/wp\/v2\/posts\/2524\/revisions\/2526"}],"wp:featuredmedia":[{"embeddable":true,"href":"https:\/\/www.regioncuatronoticias.com\/index.php\/wp-json\/wp\/v2\/media\/2525"}],"wp:attachment":[{"href":"https:\/\/www.regioncuatronoticias.com\/index.php\/wp-json\/wp\/v2\/media?parent=2524"}],"wp:term":[{"taxonomy":"category","embeddable":true,"href":"https:\/\/www.regioncuatronoticias.com\/index.php\/wp-json\/wp\/v2\/categories?post=2524"},{"taxonomy":"post_tag","embeddable":true,"href":"https:\/\/www.regioncuatronoticias.com\/index.php\/wp-json\/wp\/v2\/tags?post=2524"}],"curies":[{"name":"wp","href":"https:\/\/api.w.org\/{rel}","templated":true}]}}