{"id":2488,"date":"2023-11-05T21:50:43","date_gmt":"2023-11-06T04:50:43","guid":{"rendered":"https:\/\/www.regioncuatronoticias.com\/?p=2488"},"modified":"2023-11-05T21:50:44","modified_gmt":"2023-11-06T04:50:44","slug":"estrenan-now-and-then-ultima-cancion-de-the-beatles-posible-gracias-a-la-ia","status":"publish","type":"post","link":"https:\/\/www.regioncuatronoticias.com\/index.php\/2023\/11\/05\/estrenan-now-and-then-ultima-cancion-de-the-beatles-posible-gracias-a-la-ia\/","title":{"rendered":"Estrenan \u201cNow and Then\u201d, \u00faltima canci\u00f3n de The Beatles, posible gracias a la IA"},"content":{"rendered":"\n<p>Latinus. Noviembre 2, 2023<\/p>\n\n\n\n<p>Este viernes se estren\u00f3 la \u00faltima de The Beatles con los cuatro integrantes del cuarteto de Liverpool. \u201cNow and Then\u201d fue posible gracias a los avances tecnol\u00f3gicos que permitieron aislar la voz de John Lennon de un demo en posesi\u00f3n de Yoko Ono.<\/p>\n\n\n\n<p>En un video publicado en redes sociales, Paul McCartney comparte su experiencia en esta grabaci\u00f3n: \u201cSupongamos que tuviera la oportunidad de preguntarle a John: \u2018Oye John, \u00bfte gustar\u00eda que terminemos esta canci\u00f3n que empezaste? Y te aseguro, s\u00e9 que la respuesta hubiera sido \u2018\u00a1Claro!\u2019. A \u00e9l le hubiera encantado\u201d.<\/p>\n\n\n\n<p>La mayor dificultad que presentaba este proyecto musical es que, en la cinta original, la voz de Lennon no pod\u00eda ser aislada del piano con el que acompa\u00f1aba la versi\u00f3n de prueba de la canci\u00f3n.<\/p>\n\n\n\n<p>Luego del asesinato de Lennon, McCartney, George Harrison y Ringo Starr intentaron integrar su parte a la pieza, pero no fue hasta a\u00f1os despu\u00e9s que se pudo concretar, cuando s\u00f3lo sobreviven dos integrantes de la legendaria banda.<\/p>\n\n\n\n<p>\u201cPod\u00edamos usar a John e intentar volver a grabar una canci\u00f3n. Era lo m\u00e1s cercano a volver a estar con \u00e9l otra vez en el estudio de grabaci\u00f3n\u201d, dijo Ringo en un mini documental sobre la producci\u00f3n de esta canci\u00f3n.<\/p>\n\n\n\n<p>En el video tambi\u00e9n participa Sean Lennon para dar un poco de contexto sobre la etapa de la vida de su padre en la que compuso lo que hoy ve la luz como \u201cNow and Then\u201d.<\/p>\n\n\n\n<p>&nbsp;\u201cExiste esta idea de que mi pap\u00e1 dej\u00f3 de hacer m\u00fasica por un tiempo para criarme, lo cual considero que es parcialmente cierto \u2014en t\u00e9rminos de que no estaba haciendo giras, ni asumiendo ninguna obligaci\u00f3n con grandes disqueras\u2014, pero siempre estaba haciendo m\u00fasica en la casa, siempre estaba haciendo demos y recuerdo que grababa en casetes. Mam\u00e1 ten\u00eda un pu\u00f1ado de canciones que mi pap\u00e1 no termin\u00f3, y se las dio a los otros Beatles\u201d, comparti\u00f3.<\/p>\n\n\n\n<p>Varios beatlemaniacos manifestaron en redes sociales que el documental le hab\u00eda despertado sentimientos de nostalgia y de alegr\u00eda por tener la oportunidad de volver a escuchar a Lennon protagonizando un \u00faltimo estreno de The Beatles.<\/p>\n","protected":false},"excerpt":{"rendered":"<p>Latinus. Noviembre 2, 2023 Este viernes se estren\u00f3 la \u00faltima de The Beatles con los cuatro integrantes del cuarteto de Liverpool. \u201cNow and Then\u201d fue posible gracias a los avances tecnol\u00f3gicos que permitieron aislar la voz de John Lennon de un demo en posesi\u00f3n de Yoko Ono. En un video publicado en redes sociales, Paul [&hellip;]<\/p>\n","protected":false},"author":1,"featured_media":2489,"comment_status":"open","ping_status":"open","sticky":false,"template":"","format":"standard","meta":{"content-type":"","footnotes":""},"categories":[116,7,105],"tags":[],"class_list":{"0":"post-2488","1":"post","2":"type-post","3":"status-publish","4":"format-standard","5":"has-post-thumbnail","7":"category-entretenimiento","8":"category-internacional","9":"category-principal"},"_links":{"self":[{"href":"https:\/\/www.regioncuatronoticias.com\/index.php\/wp-json\/wp\/v2\/posts\/2488","targetHints":{"allow":["GET"]}}],"collection":[{"href":"https:\/\/www.regioncuatronoticias.com\/index.php\/wp-json\/wp\/v2\/posts"}],"about":[{"href":"https:\/\/www.regioncuatronoticias.com\/index.php\/wp-json\/wp\/v2\/types\/post"}],"author":[{"embeddable":true,"href":"https:\/\/www.regioncuatronoticias.com\/index.php\/wp-json\/wp\/v2\/users\/1"}],"replies":[{"embeddable":true,"href":"https:\/\/www.regioncuatronoticias.com\/index.php\/wp-json\/wp\/v2\/comments?post=2488"}],"version-history":[{"count":1,"href":"https:\/\/www.regioncuatronoticias.com\/index.php\/wp-json\/wp\/v2\/posts\/2488\/revisions"}],"predecessor-version":[{"id":2490,"href":"https:\/\/www.regioncuatronoticias.com\/index.php\/wp-json\/wp\/v2\/posts\/2488\/revisions\/2490"}],"wp:featuredmedia":[{"embeddable":true,"href":"https:\/\/www.regioncuatronoticias.com\/index.php\/wp-json\/wp\/v2\/media\/2489"}],"wp:attachment":[{"href":"https:\/\/www.regioncuatronoticias.com\/index.php\/wp-json\/wp\/v2\/media?parent=2488"}],"wp:term":[{"taxonomy":"category","embeddable":true,"href":"https:\/\/www.regioncuatronoticias.com\/index.php\/wp-json\/wp\/v2\/categories?post=2488"},{"taxonomy":"post_tag","embeddable":true,"href":"https:\/\/www.regioncuatronoticias.com\/index.php\/wp-json\/wp\/v2\/tags?post=2488"}],"curies":[{"name":"wp","href":"https:\/\/api.w.org\/{rel}","templated":true}]}}