{"id":24838,"date":"2025-02-20T00:10:36","date_gmt":"2025-02-20T07:10:36","guid":{"rendered":"https:\/\/www.regioncuatronoticias.com\/?p=24838"},"modified":"2025-02-20T00:10:38","modified_gmt":"2025-02-20T07:10:38","slug":"canada-tambien-declarara-terroristas-a-carteles-mexicanos","status":"publish","type":"post","link":"https:\/\/www.regioncuatronoticias.com\/index.php\/2025\/02\/20\/canada-tambien-declarara-terroristas-a-carteles-mexicanos\/","title":{"rendered":"Canad\u00e1 tambi\u00e9n declarar\u00e1 terroristas a c\u00e1rteles mexicanos"},"content":{"rendered":"\n<p><strong>Es para que la Polic\u00eda tenga una herramienta con la que pueda enfrentar a esos grupos: embajador MacKay; se respetar\u00e1 la soberan\u00eda de M\u00e9xico, afirma.<\/strong><\/p>\n\n\n\n<p>Tomado de Forbes\/Staff<\/p>\n\n\n\n<p>Mi\u00e9rcoles 19 de febrero de 2025<\/p>\n\n\n\n<p>Tras el anuncio de Estados Unidos de designar a varios c\u00e1rteles mexicanos de la droga como terroristas, el nuevo embajador de Canad\u00e1 en M\u00e9xico, Cameron MacKay, se\u00f1al\u00f3 que su pa\u00eds har\u00e1 lo mismo con esas organizaciones del narcotr\u00e1fico, pero precis\u00f3 que la medida aplicar\u00e1 en territorio canadiense y con respeto a la soberan\u00eda de M\u00e9xico.<\/p>\n\n\n\n<p>As\u00ed lo indic\u00f3 el diplom\u00e1tico canadiense despu\u00e9s de su reuni\u00f3n con el presidente del Senado, Gerardo Fern\u00e1ndez Noro\u00f1a, y la senadora Ruth Gonz\u00e1lez.<\/p>\n\n\n\n<p>\u201cReafirmamos que Canad\u00e1 y M\u00e9xico somos fuertes socios, aliados y amigos. Necesitamos trabajar juntos m\u00e1s que nunca para enfrentar nuestros desaf\u00edos comunes. En mi pa\u00eds la crisis de fentatilo, es una crisis de la salud p\u00fablica con miles de muertos y es por eso que vamos a designar tambi\u00e9n unos grupos narcos como terroristas\u201d, dijo MacKay en conferencia de prensa.<\/p>\n\n\n\n<p>El embajador canadiense, que lleg\u00f3 a M\u00e9xico a finales del pasado a\u00f1o, sostuvo que la designaci\u00f3n \u201ces solamente para tener una herramienta para la Polic\u00eda canadiense que ellos pueden usar solamente para enfrentar a esos grupos\u201d.<\/p>\n\n\n\n<p>Posteriormente, en un mensaje en la red social X tambi\u00e9n se refiri\u00f3 a la reuni\u00f3n en el Senado donde, apunt\u00f3, se convers\u00f3 sobre la crisis del fentanilo en Canad\u00e1 y subray\u00f3 que la designaci\u00f3n solo tendr\u00e1 aplicaci\u00f3n en territorio canadiense.<\/p>\n\n\n\n<p>\u201cEn ese sentido, enfatic\u00e9 que Canad\u00e1 respeta plena e inquebrantablemente la soberan\u00eda mexicana\u201d, a\u00f1adi\u00f3.<\/p>\n\n\n\n<p><strong>EU se atribuye derecho de intervenir en otras naciones: Noro\u00f1a<\/strong><\/p>\n\n\n\n<p>En contraste, Fern\u00e1ndez Noro\u00f1a critic\u00f3 la designaci\u00f3n de terroristas a carteles mexicanos y apunt\u00f3 que el presidente de Estados Unidos, Donald Trump, usa ese pretexto para atribuirse el derecho de intervenir en otras naciones.<\/p>\n\n\n\n<p>\u201cEn M\u00e9xico no tiene ninguna injerencia, ning\u00fan mando (\u2026) nosotros estamos de acuerdo en combatirlos y que haya coordinaci\u00f3n, comunicaci\u00f3n\u201d, dijo Fern\u00e1ndez Noro\u00f1a, aunque advirti\u00f3 que \u201cen materia de independencia y soberan\u00eda no cederemos un mil\u00edmetro\u201d.<\/p>\n\n\n\n<p>\u201cTrump hasta ahora ha hecho declaraciones, ha tomado decisiones que no han llegado a materializarse. Entonces, mientras las cosas est\u00e9n en ese terreno de tensi\u00f3n, de \u2018estira y afloja\u2019, como popularmente se dice, pues no pasa nada\u201d, sostuvo el senador.<\/p>\n\n\n\n<p>Estados Unidos anunci\u00f3 este mi\u00e9rcoles la designaci\u00f3n oficial como grupos terroristas a seis c\u00e1rteles del narcotr\u00e1fico de M\u00e9xico, entre ellos el C\u00e1rtel de Sinaloa y el C\u00e1rtel Jalisco Nueva Generaci\u00f3n (CJNG), adem\u00e1s de la banda venezolana del Tren de Aragua y la pandilla Mara Salvatrucha (MS-13).<\/p>\n\n\n\n<p>Adem\u00e1s del C\u00e1rtel de Sinaloa y el CJNG, tambi\u00e9n fueron incluidos en la lista de grupos terroristas los c\u00e1rteles mexicanos del Noreste, del Golfo, la Nueva Familia Michoacana y los C\u00e1rteles Unidos.<\/p>\n\n\n\n<p>\u201cDesigno a las organizaciones antes mencionadas y sus respectivos alias como organizaciones terroristas extranjeras\u201d, determin\u00f3 este mi\u00e9rcoles el secretario de Estado de Estados Unidos, Marco Rubio, en un documento publicado en el Registro Federal que entrar\u00e1 en vigencia el jueves.<\/p>\n\n\n\n<p>Medios estadounidenses informaron el martes de que drones esp\u00edas de la CIA han espiado al crimen organizado en territorio mexicano para detectar laboratorios de fentanilo.<\/p>\n\n\n\n<p>La presidenta Claudia Sheinbaum asegur\u00f3 este mi\u00e9rcoles \u201cno tener miedo\u201d de una invasi\u00f3n de Estados Unidos porque se siente respaldada por la poblaci\u00f3n.<\/p>\n\n\n\n<p>M\u00e9xico se ha opuesto en los \u00faltimos a\u00f1os a que Estados Unidos diera ese paso por temor a que eso abra la puerta a una intervenci\u00f3n estadounidense en territorio mexicano.<\/p>\n\n\n\n<p>Con informaci\u00f3n de EFE<\/p>\n\n\n\n<p><a href=\"https:\/\/forbes.com.mx\/canada-tambien-declarara-terroristas-a-carteles-mexicanos\/\">https:\/\/forbes.com.mx\/canada-tambien-declarara-terroristas-a-carteles-mexicanos\/<\/a><\/p>\n","protected":false},"excerpt":{"rendered":"<p>Es para que la Polic\u00eda tenga una herramienta con la que pueda enfrentar a esos grupos: embajador MacKay; se respetar\u00e1 la soberan\u00eda de M\u00e9xico, afirma. Tomado de Forbes\/Staff Mi\u00e9rcoles 19 de febrero de 2025 Tras el anuncio de Estados Unidos de designar a varios c\u00e1rteles mexicanos de la droga como terroristas, el nuevo embajador de [&hellip;]<\/p>\n","protected":false},"author":1,"featured_media":24839,"comment_status":"open","ping_status":"open","sticky":false,"template":"","format":"standard","meta":{"content-type":"","footnotes":""},"categories":[7,105,113],"tags":[],"class_list":{"0":"post-24838","1":"post","2":"type-post","3":"status-publish","4":"format-standard","5":"has-post-thumbnail","7":"category-internacional","8":"category-principal","9":"category-seguridad"},"_links":{"self":[{"href":"https:\/\/www.regioncuatronoticias.com\/index.php\/wp-json\/wp\/v2\/posts\/24838","targetHints":{"allow":["GET"]}}],"collection":[{"href":"https:\/\/www.regioncuatronoticias.com\/index.php\/wp-json\/wp\/v2\/posts"}],"about":[{"href":"https:\/\/www.regioncuatronoticias.com\/index.php\/wp-json\/wp\/v2\/types\/post"}],"author":[{"embeddable":true,"href":"https:\/\/www.regioncuatronoticias.com\/index.php\/wp-json\/wp\/v2\/users\/1"}],"replies":[{"embeddable":true,"href":"https:\/\/www.regioncuatronoticias.com\/index.php\/wp-json\/wp\/v2\/comments?post=24838"}],"version-history":[{"count":1,"href":"https:\/\/www.regioncuatronoticias.com\/index.php\/wp-json\/wp\/v2\/posts\/24838\/revisions"}],"predecessor-version":[{"id":24840,"href":"https:\/\/www.regioncuatronoticias.com\/index.php\/wp-json\/wp\/v2\/posts\/24838\/revisions\/24840"}],"wp:featuredmedia":[{"embeddable":true,"href":"https:\/\/www.regioncuatronoticias.com\/index.php\/wp-json\/wp\/v2\/media\/24839"}],"wp:attachment":[{"href":"https:\/\/www.regioncuatronoticias.com\/index.php\/wp-json\/wp\/v2\/media?parent=24838"}],"wp:term":[{"taxonomy":"category","embeddable":true,"href":"https:\/\/www.regioncuatronoticias.com\/index.php\/wp-json\/wp\/v2\/categories?post=24838"},{"taxonomy":"post_tag","embeddable":true,"href":"https:\/\/www.regioncuatronoticias.com\/index.php\/wp-json\/wp\/v2\/tags?post=24838"}],"curies":[{"name":"wp","href":"https:\/\/api.w.org\/{rel}","templated":true}]}}