{"id":24832,"date":"2025-02-20T00:00:02","date_gmt":"2025-02-20T07:00:02","guid":{"rendered":"https:\/\/www.regioncuatronoticias.com\/?p=24832"},"modified":"2025-02-20T00:00:42","modified_gmt":"2025-02-20T07:00:42","slug":"se-registran-cuauhtemoc-gonzalez-y-judith-tanori-como-aspirantes-a-la-rectoria-de-la-unison","status":"publish","type":"post","link":"https:\/\/www.regioncuatronoticias.com\/index.php\/2025\/02\/20\/se-registran-cuauhtemoc-gonzalez-y-judith-tanori-como-aspirantes-a-la-rectoria-de-la-unison\/","title":{"rendered":"Se registran Cuauht\u00e9moc Gonz\u00e1lez y Judith T\u00e1nori como aspirantes a la rector\u00eda de la Unison"},"content":{"rendered":"\n<p>Tomado de Uniradio Informas Sonora<\/p>\n\n\n\n<p>Por Alan Rubio<\/p>\n\n\n\n<p>Mi\u00e9rcoles 19 de febrero de3 2025<\/p>\n\n\n\n<p>Cuauht\u00e9moc Gonz\u00e1lez y Judith T\u00e1nori se registraron como aspirantes para el proceso de elecci\u00f3n del titular de rector\u00eda de la Universidad de Sonora.<\/p>\n\n\n\n<p>Ambos postulantes acudieron este mi\u00e9rcoles 19 de febrero para inscribirse en la oficina t\u00e9cnica del Colegio Universitario, ubicada en Rector\u00eda, campus Hermosillo.<\/p>\n\n\n\n<p>El primero en hacer el tr\u00e1mite fue Cuauht\u00e9moc Gonz\u00e1lez, que asisti\u00f3 a las 10:00 de la ma\u00f1ana. Mencion\u00f3 que el alma mater requiere un rector o rectora que atienda las necesidades y que busque soluciones mediante el di\u00e1logo con la comunidad universitaria.<\/p>\n\n\n\n<p>&#8220;Nos sentimos muy emotivos de poder decir que ya estamos dando este paso fundamental. Y este paso lo estamos dando, no un individuo, no una persona, sino todo un colectivo de maestras, maestros, de trabajadores administrativos, de estudiantes y, sobre todo, a partir de esta unidad alternativa universitaria, que precisamente impuls\u00f3 un movimiento para estar atendiendo las necesidades de nuestra comunidad&#8221;, destac\u00f3.<\/p>\n\n\n\n<p>A las 5:00 de la tarde, se present\u00f3 Judith T\u00e1nori, que dijo que buscar\u00e1 implementar que sea gratuito estudiar en la Universidad de Sonora para los estudiantes de nuevo ingreso y semestres avanzados.<\/p>\n\n\n\n<p>&#8220;Y, bueno, queremos buscar, esa parte, la gratuidad de la educaci\u00f3n, que ya lo tenemos en el art\u00edculo Tercero constitucional para la educaci\u00f3n superior, pero hay que apresurarlo, est\u00e1 todav\u00eda de que no llega y no llega. Como somos una universidad aut\u00f3noma, nosotros, hay un transitorio que permite que las universidades sigan cobrando&#8221;, dijo.<\/p>\n\n\n\n<p><a href=\"https:\/\/www.uniradiosonora.com\/sociedad\/se-registran-dos-aspirantes-rectoria-unison-n803236\">https:\/\/www.uniradiosonora.com\/sociedad\/se-registran-dos-aspirantes-rectoria-unison-n803236<\/a><\/p>\n","protected":false},"excerpt":{"rendered":"<p>Tomado de Uniradio Informas Sonora Por Alan Rubio Mi\u00e9rcoles 19 de febrero de3 2025 Cuauht\u00e9moc Gonz\u00e1lez y Judith T\u00e1nori se registraron como aspirantes para el proceso de elecci\u00f3n del titular de rector\u00eda de la Universidad de Sonora. Ambos postulantes acudieron este mi\u00e9rcoles 19 de febrero para inscribirse en la oficina t\u00e9cnica del Colegio Universitario, ubicada [&hellip;]<\/p>\n","protected":false},"author":1,"featured_media":24833,"comment_status":"open","ping_status":"open","sticky":false,"template":"","format":"standard","meta":{"content-type":"","footnotes":""},"categories":[117,105,9],"tags":[],"class_list":{"0":"post-24832","1":"post","2":"type-post","3":"status-publish","4":"format-standard","5":"has-post-thumbnail","7":"category-general","8":"category-principal","9":"category-sonora"},"_links":{"self":[{"href":"https:\/\/www.regioncuatronoticias.com\/index.php\/wp-json\/wp\/v2\/posts\/24832","targetHints":{"allow":["GET"]}}],"collection":[{"href":"https:\/\/www.regioncuatronoticias.com\/index.php\/wp-json\/wp\/v2\/posts"}],"about":[{"href":"https:\/\/www.regioncuatronoticias.com\/index.php\/wp-json\/wp\/v2\/types\/post"}],"author":[{"embeddable":true,"href":"https:\/\/www.regioncuatronoticias.com\/index.php\/wp-json\/wp\/v2\/users\/1"}],"replies":[{"embeddable":true,"href":"https:\/\/www.regioncuatronoticias.com\/index.php\/wp-json\/wp\/v2\/comments?post=24832"}],"version-history":[{"count":1,"href":"https:\/\/www.regioncuatronoticias.com\/index.php\/wp-json\/wp\/v2\/posts\/24832\/revisions"}],"predecessor-version":[{"id":24834,"href":"https:\/\/www.regioncuatronoticias.com\/index.php\/wp-json\/wp\/v2\/posts\/24832\/revisions\/24834"}],"wp:featuredmedia":[{"embeddable":true,"href":"https:\/\/www.regioncuatronoticias.com\/index.php\/wp-json\/wp\/v2\/media\/24833"}],"wp:attachment":[{"href":"https:\/\/www.regioncuatronoticias.com\/index.php\/wp-json\/wp\/v2\/media?parent=24832"}],"wp:term":[{"taxonomy":"category","embeddable":true,"href":"https:\/\/www.regioncuatronoticias.com\/index.php\/wp-json\/wp\/v2\/categories?post=24832"},{"taxonomy":"post_tag","embeddable":true,"href":"https:\/\/www.regioncuatronoticias.com\/index.php\/wp-json\/wp\/v2\/tags?post=24832"}],"curies":[{"name":"wp","href":"https:\/\/api.w.org\/{rel}","templated":true}]}}