{"id":2466,"date":"2023-11-05T21:05:48","date_gmt":"2023-11-06T04:05:48","guid":{"rendered":"https:\/\/www.regioncuatronoticias.com\/?p=2466"},"modified":"2023-11-05T21:05:50","modified_gmt":"2023-11-06T04:05:50","slug":"fgr-impugnara-prision-domiciliaria-a-jesus-murillo-karam","status":"publish","type":"post","link":"https:\/\/www.regioncuatronoticias.com\/index.php\/2023\/11\/05\/fgr-impugnara-prision-domiciliaria-a-jesus-murillo-karam\/","title":{"rendered":"FGR impugnar\u00e1 prisi\u00f3n domiciliaria a Jes\u00fas Murillo Karam"},"content":{"rendered":"\n<p>La FGR inform\u00f3 adem\u00e1s que presentar\u00e1 una queja ante el Consejo de la Judicatura Federal<\/p>\n\n\n\n<p>NACI\u00d3N| 05\/11\/2023 |<\/p>\n\n\n\n<p>Tomado de El Universal<\/p>\n\n\n\n<p>Daniela Wachauf<\/p>\n\n\n\n<p>La Fiscal\u00eda General de la Rep\u00fablica (FGR), impugnar\u00e1 la resoluci\u00f3n del juez de Control con sede en el Reclusorio Norte, Jos\u00e9 Rivas, quien dict\u00f3 el cambio de medidas cautelares, al conceder prisi\u00f3n domiciliaria al ex procurador General de la Rep\u00fablica, Jes\u00fas Murillo Karam, por el caso de los 43 normalistas de Ayotzinapa.<\/p>\n\n\n\n<p>Pero no podr\u00e1 abandonar la Torre M\u00e9dica de Tepepan, al enfrentar otro proceso en el Reclusorio Sur, relacionado a la supuesta tortura al presunto integrante de la organizaci\u00f3n criminal de Guerreros Unidos, Felipe Rodr\u00edguez Salgado, alias \u201cEl Cepillo\u201d, se\u00f1alado por la desaparici\u00f3n de los j\u00f3venes.<\/p>\n\n\n\n<p>La FGR inform\u00f3 que impugnar\u00e1 de inmediato esta resoluci\u00f3n ante la segunda instancia y presentar\u00e1 la queja ante la segunda instancia el Consejo de la Judicatura Federal (CJF) para los aspectos administrativos que sean aplicables.<\/p>\n\n\n\n<p>Este domingo la dependencia se\u00f1al\u00f3 que el 1 de noviembre, y horas antes de un d\u00eda feriado y de un puente vacacional, la Fiscal\u00eda fue notificada por el Juez Rivas, para llevar a cabo una audiencia de revisi\u00f3n de medidas cautelares de Jes\u00fas Murillo, dando menos de dos horas y media de tiempo para realizar los tr\u00e1mites correspondientes.<\/p>\n\n\n\n<p>En la diligencia, la FGR aport\u00f3 10 imputaciones directas, 69 testimoniales, 29 dict\u00e1menes periciales, 65 documentales y m\u00e1s de 100 videograbaciones y pruebas demostrativas.<\/p>\n\n\n\n<p>As\u00ed como el an\u00e1lisis de riesgo procesal emitido por el Centro Nacional de Planeaci\u00f3n, An\u00e1lisis e Informaci\u00f3n para el Combate a la Delincuencia (CENAPI), con objeto de demostrar la gravedad singular de los delitos por los que se est\u00e1 procesando a esa persona.<\/p>\n\n\n\n<p>Tambi\u00e9n el impacto en este caso, que puede devenir por una determinaci\u00f3n que cuestiona la magnitud de los il\u00edcitos.<\/p>\n\n\n\n<p>La dependencia resalt\u00f3 que el Centro de Derechos Humanos Miguel Agust\u00edn Pro-Ju\u00e1rez, representante de las v\u00edctimas y de sus padres, se adhiri\u00f3 al criterio de la Fiscal\u00eda, apoyando la petici\u00f3n de no variar la medida cautelar del procesado; ya que los delitos por los que se acusa a dicha persona y otras m\u00e1s, en contra de los j\u00f3venes desaparecidos de Ayotzinapa, es uno de los cr\u00edmenes m\u00e1s violentos.<\/p>\n\n\n\n<p>Adem\u00e1s, desmesurados y brutales en contra de v\u00edctimas indefensas, que se haya conocido en nuestro pa\u00eds, en los \u00faltimos a\u00f1os.<\/p>\n\n\n\n<p>\u201cA pesar de todos los datos, y de todos los apoyos del Ministerio P\u00fablico y de las v\u00edctimas, y sin que hubiera una causal grave de enfermedad que afecta en forma urgente e inmediata al procesado, ni una desatenci\u00f3n m\u00e9dica al respecto, el juez dict\u00f3 el cambio de medidas cautelares que, por el momento, no permiten la libertad de dicha persona, debido a otro juicio pendiente<\/p>\n\n\n\n<p>\u201cLa Fiscal\u00eda General de la Rep\u00fablica, impugnar\u00e1 de inmediato esta resoluci\u00f3n ante la Segunda instancia y presentar\u00e1 la queja ante el Consejo de la Judicatura Federal, para los aspectos administrativos que sean aplicables\u201d, detall\u00f3.<\/p>\n","protected":false},"excerpt":{"rendered":"<p>La FGR inform\u00f3 adem\u00e1s que presentar\u00e1 una queja ante el Consejo de la Judicatura Federal NACI\u00d3N| 05\/11\/2023 | Tomado de El Universal Daniela Wachauf La Fiscal\u00eda General de la Rep\u00fablica (FGR), impugnar\u00e1 la resoluci\u00f3n del juez de Control con sede en el Reclusorio Norte, Jos\u00e9 Rivas, quien dict\u00f3 el cambio de medidas cautelares, al conceder [&hellip;]<\/p>\n","protected":false},"author":1,"featured_media":2468,"comment_status":"open","ping_status":"open","sticky":false,"template":"","format":"standard","meta":{"content-type":"","footnotes":""},"categories":[3,115,105],"tags":[],"class_list":{"0":"post-2466","1":"post","2":"type-post","3":"status-publish","4":"format-standard","5":"has-post-thumbnail","7":"category-mexico","8":"category-politica","9":"category-principal"},"_links":{"self":[{"href":"https:\/\/www.regioncuatronoticias.com\/index.php\/wp-json\/wp\/v2\/posts\/2466","targetHints":{"allow":["GET"]}}],"collection":[{"href":"https:\/\/www.regioncuatronoticias.com\/index.php\/wp-json\/wp\/v2\/posts"}],"about":[{"href":"https:\/\/www.regioncuatronoticias.com\/index.php\/wp-json\/wp\/v2\/types\/post"}],"author":[{"embeddable":true,"href":"https:\/\/www.regioncuatronoticias.com\/index.php\/wp-json\/wp\/v2\/users\/1"}],"replies":[{"embeddable":true,"href":"https:\/\/www.regioncuatronoticias.com\/index.php\/wp-json\/wp\/v2\/comments?post=2466"}],"version-history":[{"count":1,"href":"https:\/\/www.regioncuatronoticias.com\/index.php\/wp-json\/wp\/v2\/posts\/2466\/revisions"}],"predecessor-version":[{"id":2469,"href":"https:\/\/www.regioncuatronoticias.com\/index.php\/wp-json\/wp\/v2\/posts\/2466\/revisions\/2469"}],"wp:featuredmedia":[{"embeddable":true,"href":"https:\/\/www.regioncuatronoticias.com\/index.php\/wp-json\/wp\/v2\/media\/2468"}],"wp:attachment":[{"href":"https:\/\/www.regioncuatronoticias.com\/index.php\/wp-json\/wp\/v2\/media?parent=2466"}],"wp:term":[{"taxonomy":"category","embeddable":true,"href":"https:\/\/www.regioncuatronoticias.com\/index.php\/wp-json\/wp\/v2\/categories?post=2466"},{"taxonomy":"post_tag","embeddable":true,"href":"https:\/\/www.regioncuatronoticias.com\/index.php\/wp-json\/wp\/v2\/tags?post=2466"}],"curies":[{"name":"wp","href":"https:\/\/api.w.org\/{rel}","templated":true}]}}