{"id":2457,"date":"2023-11-04T22:29:23","date_gmt":"2023-11-05T05:29:23","guid":{"rendered":"https:\/\/www.regioncuatronoticias.com\/?p=2457"},"modified":"2023-11-04T22:29:26","modified_gmt":"2023-11-05T05:29:26","slug":"procesaremos-por-trafico-de-personas-a-activistas-que-apoyen-a-caravanas-migrantes-trump-en-florida","status":"publish","type":"post","link":"https:\/\/www.regioncuatronoticias.com\/index.php\/2023\/11\/04\/procesaremos-por-trafico-de-personas-a-activistas-que-apoyen-a-caravanas-migrantes-trump-en-florida\/","title":{"rendered":"\u201cProcesaremos por tr\u00e1fico de personas a activistas que apoyen A caravanas migrantes\u201d: Trump en Florida"},"content":{"rendered":"\n<p><br>Latinus<br>noviembre 4, 2023<\/p>\n\n\n\n<p>El expresidente Donald Trump dijo este s\u00e1bado que en caso de llegar a la Casa Blanca tras los pr\u00f3ximos comicios de 2024 en Estados Unidos, las organizaciones que apoyen a migrantes ser\u00e1n procesadas por trata de personas.<\/p>\n\n\n\n<p>Durante su participaci\u00f3n en la Cumbre de la Libertad de Florida, que se llev\u00f3 a cabo en el Gaylord Palms Resort en Kissimmee, Trump asegur\u00f3 que la \u201cinvasi\u00f3n\u201d por parte de caravanas migrantes en la frontera sur es insostenible.<\/p>\n\n\n\n<p>\u201cCualquier organizaci\u00f3n ben\u00e9fica, sin fines de lucro o las llamadas organizaciones de ayuda de izquierda radical que apoyen a estas caravanas y a extranjeros ilegales, los procesaremos por su participaci\u00f3n en la trata de personas, el tr\u00e1fico de ni\u00f1os y todo\u201d, asegur\u00f3.<\/p>\n\n\n\n<p>Trump y Ron DeSantis, los principales candidatos republicanos para las elecciones presidenciales de Estados Unidos en 2024, asistieron a la Cumbre de la Libertad de Florida, un evento organizado por el Partido Republicano en el estado.<\/p>\n\n\n\n<p>Anteriormente, Trump ha declarado que si gana las elecciones de 2024, en su primer d\u00eda en la Casa Blanca firmar\u00e1 un decreto para poner fin a la ciudadan\u00eda autom\u00e1tica para los hijos de migrantes que no tengan un estatus legal en Estados Unidos.<\/p>\n\n\n\n<p>\u201cComo parte de mi plan para asegurar la frontera, en el primer d\u00eda de mi nuevo mandato, firmar\u00e9 una orden ejecutiva dejando en claro a las agencias federales que, seg\u00fan la interpretaci\u00f3n correcta de la ley, en el futuro, los futuros hijos de migrantes ilegales no recibir\u00e1n la ciudadan\u00eda estadounidense autom\u00e1ticamente\u201d, dijo en un video.<\/p>\n\n\n\n<p>Con esa medida, Trump se propone acabar con \u201cun incentivo importante para la migraci\u00f3n ilegal\u201d y disuadir a los que piensen entrar al pa\u00eds de manera irregular de hacer el viaje.<\/p>\n","protected":false},"excerpt":{"rendered":"<p>Latinusnoviembre 4, 2023 El expresidente Donald Trump dijo este s\u00e1bado que en caso de llegar a la Casa Blanca tras los pr\u00f3ximos comicios de 2024 en Estados Unidos, las organizaciones que apoyen a migrantes ser\u00e1n procesadas por trata de personas. Durante su participaci\u00f3n en la Cumbre de la Libertad de Florida, que se llev\u00f3 a [&hellip;]<\/p>\n","protected":false},"author":1,"featured_media":2458,"comment_status":"open","ping_status":"open","sticky":false,"template":"","format":"standard","meta":{"content-type":"","footnotes":""},"categories":[7,105],"tags":[],"class_list":{"0":"post-2457","1":"post","2":"type-post","3":"status-publish","4":"format-standard","5":"has-post-thumbnail","7":"category-internacional","8":"category-principal"},"_links":{"self":[{"href":"https:\/\/www.regioncuatronoticias.com\/index.php\/wp-json\/wp\/v2\/posts\/2457","targetHints":{"allow":["GET"]}}],"collection":[{"href":"https:\/\/www.regioncuatronoticias.com\/index.php\/wp-json\/wp\/v2\/posts"}],"about":[{"href":"https:\/\/www.regioncuatronoticias.com\/index.php\/wp-json\/wp\/v2\/types\/post"}],"author":[{"embeddable":true,"href":"https:\/\/www.regioncuatronoticias.com\/index.php\/wp-json\/wp\/v2\/users\/1"}],"replies":[{"embeddable":true,"href":"https:\/\/www.regioncuatronoticias.com\/index.php\/wp-json\/wp\/v2\/comments?post=2457"}],"version-history":[{"count":1,"href":"https:\/\/www.regioncuatronoticias.com\/index.php\/wp-json\/wp\/v2\/posts\/2457\/revisions"}],"predecessor-version":[{"id":2459,"href":"https:\/\/www.regioncuatronoticias.com\/index.php\/wp-json\/wp\/v2\/posts\/2457\/revisions\/2459"}],"wp:featuredmedia":[{"embeddable":true,"href":"https:\/\/www.regioncuatronoticias.com\/index.php\/wp-json\/wp\/v2\/media\/2458"}],"wp:attachment":[{"href":"https:\/\/www.regioncuatronoticias.com\/index.php\/wp-json\/wp\/v2\/media?parent=2457"}],"wp:term":[{"taxonomy":"category","embeddable":true,"href":"https:\/\/www.regioncuatronoticias.com\/index.php\/wp-json\/wp\/v2\/categories?post=2457"},{"taxonomy":"post_tag","embeddable":true,"href":"https:\/\/www.regioncuatronoticias.com\/index.php\/wp-json\/wp\/v2\/tags?post=2457"}],"curies":[{"name":"wp","href":"https:\/\/api.w.org\/{rel}","templated":true}]}}