{"id":2415,"date":"2023-11-02T23:21:38","date_gmt":"2023-11-03T06:21:38","guid":{"rendered":"https:\/\/www.regioncuatronoticias.com\/?p=2415"},"modified":"2023-11-02T23:21:40","modified_gmt":"2023-11-03T06:21:40","slug":"equipo-de-boccia-de-sonora-finaliza-en-segundo-lugar-de-paranacionales-conade","status":"publish","type":"post","link":"https:\/\/www.regioncuatronoticias.com\/index.php\/2023\/11\/02\/equipo-de-boccia-de-sonora-finaliza-en-segundo-lugar-de-paranacionales-conade\/","title":{"rendered":"Equipo de Boccia de Sonora finaliza en segundo lugar de Paranacionales Conade"},"content":{"rendered":"\n<p>La delegaci\u00f3n sonorense, conformada por Alexis Gonz\u00e1lez, Valeria Padilla y Sebasti\u00e1n M\u00e1rque, culmin\u00f3 segundo en el medallero con cinco preseas, tres de oro y dos de bronce<\/p>\n\n\n\n<p>La delegaci\u00f3n sonorense culmin\u00f3 segundo en el medallero con cinco preseas, siendo tres de oro y dos de bronce \/ Foto: Cortes\u00eda | Codeson<\/p>\n\n\n\n<p>Francisco Hern\u00e1ndez |<br>Tomado de El Sol de Hermosillo<\/p>\n\n\n\n<p>Finaliz\u00f3 la actuaci\u00f3n del Boccia sonorense dentro de los Juegos Paranacionales Conade 2023, conquistando el segundo sitio general del medallero, tras sumar cinco preseas, tres del m\u00e1ximo color y dos de bronce.<\/p>\n\n\n\n<p>Durante la \u00faltima jornada de acciones en Canc\u00fan, Quintana Roo, para la disciplina, Sonora \u201cYo\u2019One\u201d conquist\u00f3 la presea de oro por Equipos, lo cual vali\u00f3 para que se colocaran en el segundo sitio del medallero, tan s\u00f3lo detr\u00e1s del Estado de M\u00e9xico.<\/p>\n\n\n\n<p>El m\u00e1ximo laurel fue para la terna sonorense conformada por Alexis Gonz\u00e1lez, Valeria Padilla y Sebasti\u00e1n M\u00e1rquez, en la categor\u00eda BC1\/BC2.<\/p>\n\n\n\n<p>Los sonorenses en semifinales terminaron llev\u00e1ndose la victoria por 5-4, gracias a una gran jugada de Valeria Padilla \/ Foto: Cortes\u00eda | Codeson<br>Lee tambi\u00e9n: Sonorenses siguen brillando en Juegos Paranacionales 2023<\/p>\n\n\n\n<p>La terna sonorense tuvo que venir de atr\u00e1s en semifinales ante Baja California (Karina Mart\u00ednez, Eduardo Ramos y Jos\u00e9 \u00c1ngel Rodr\u00edguez), pues ca\u00edan por 4-2, pero terminaron llev\u00e1ndose la victoria por 5-4, gracias a una gran jugada de Valeria Padilla, con la cual hab\u00eda igualado 4-4.<\/p>\n\n\n\n<p>Con esa sinergia, llegaron a la gran final ante el Estado de M\u00e9xico (Fernanda Reyes, Al\u00e1n Delgado y Luis Alarc\u00f3n), a quienes vencieron de manera contundente por 15-2.<\/p>\n\n\n\n<p>Sonora \u201cYo\u2019One\u201d finaliz\u00f3 su actuaci\u00f3n en boccia con tres oros y par de bronces, siendo las preseas del m\u00e1ximo color para Addiel Ocampo y Alexis Gonz\u00e1lez y los terceros lugares para Valeria Padilla y Sebasti\u00e1n M\u00e1rquez; tan s\u00f3lo quedaron por debajo del Estado de M\u00e9xico (3-3-0) y por encima de Baja California (2-1-1).<\/p>\n\n\n\n<p>La Selecci\u00f3n Sonora de Boccia tuvo una destacada participaci\u00f3n en los Paranacionales Conade \/ Foto: Cortes\u00eda | Codeson<\/p>\n\n\n\n<p>Disfruta su momento<br>Uno de los paratletas que m\u00e1s disfruta su momento es el joven Alexis Gonz\u00e1lez, quien acaba de llevar el Premio Estatal del Deporte 2023, en la categor\u00eda de Prospecto, adem\u00e1s de llevarse par de metales dorados en los Paranacionales Conade en Canc\u00fan.<\/p>\n\n\n\n<p>El oriundo del Poblado Miguel Alem\u00e1n, gan\u00f3 primero en la modalidad Individual BC2 y posteriormente como parte del Equipo BC1\/BC2, repitiendo su gran actuaci\u00f3n en los Paranacionales 2022 en Hermosillo.<\/p>\n\n\n\n<p>\u201cMi plan en la individual siempre es el de colocar estrat\u00e9gicamente la pelota blanca, algo que me gusta hacer para tratar de quedar lo m\u00e1s cerca posible de esa bola, lo cual es la finalidad del boccia\u201d.<\/p>\n\n\n\n<p>\u201cTambi\u00e9n trato de pasar las l\u00edneas para que el rival no tenga tanta oportunidad de dejar sus disparos cerca de la bola blanca; en equipos tambi\u00e9n hicimos lo necesario para remontar y terminamos obteniendo la medalla de oro\u201d, coment\u00f3 el joven sonorense.<\/p>\n","protected":false},"excerpt":{"rendered":"<p>La delegaci\u00f3n sonorense, conformada por Alexis Gonz\u00e1lez, Valeria Padilla y Sebasti\u00e1n M\u00e1rque, culmin\u00f3 segundo en el medallero con cinco preseas, tres de oro y dos de bronce La delegaci\u00f3n sonorense culmin\u00f3 segundo en el medallero con cinco preseas, siendo tres de oro y dos de bronce \/ Foto: Cortes\u00eda | Codeson Francisco Hern\u00e1ndez |Tomado de [&hellip;]<\/p>\n","protected":false},"author":1,"featured_media":2416,"comment_status":"open","ping_status":"open","sticky":false,"template":"","format":"standard","meta":{"content-type":"","footnotes":""},"categories":[5,9],"tags":[],"class_list":{"0":"post-2415","1":"post","2":"type-post","3":"status-publish","4":"format-standard","5":"has-post-thumbnail","7":"category-deportes","8":"category-sonora"},"_links":{"self":[{"href":"https:\/\/www.regioncuatronoticias.com\/index.php\/wp-json\/wp\/v2\/posts\/2415","targetHints":{"allow":["GET"]}}],"collection":[{"href":"https:\/\/www.regioncuatronoticias.com\/index.php\/wp-json\/wp\/v2\/posts"}],"about":[{"href":"https:\/\/www.regioncuatronoticias.com\/index.php\/wp-json\/wp\/v2\/types\/post"}],"author":[{"embeddable":true,"href":"https:\/\/www.regioncuatronoticias.com\/index.php\/wp-json\/wp\/v2\/users\/1"}],"replies":[{"embeddable":true,"href":"https:\/\/www.regioncuatronoticias.com\/index.php\/wp-json\/wp\/v2\/comments?post=2415"}],"version-history":[{"count":1,"href":"https:\/\/www.regioncuatronoticias.com\/index.php\/wp-json\/wp\/v2\/posts\/2415\/revisions"}],"predecessor-version":[{"id":2417,"href":"https:\/\/www.regioncuatronoticias.com\/index.php\/wp-json\/wp\/v2\/posts\/2415\/revisions\/2417"}],"wp:featuredmedia":[{"embeddable":true,"href":"https:\/\/www.regioncuatronoticias.com\/index.php\/wp-json\/wp\/v2\/media\/2416"}],"wp:attachment":[{"href":"https:\/\/www.regioncuatronoticias.com\/index.php\/wp-json\/wp\/v2\/media?parent=2415"}],"wp:term":[{"taxonomy":"category","embeddable":true,"href":"https:\/\/www.regioncuatronoticias.com\/index.php\/wp-json\/wp\/v2\/categories?post=2415"},{"taxonomy":"post_tag","embeddable":true,"href":"https:\/\/www.regioncuatronoticias.com\/index.php\/wp-json\/wp\/v2\/tags?post=2415"}],"curies":[{"name":"wp","href":"https:\/\/api.w.org\/{rel}","templated":true}]}}