{"id":2392,"date":"2023-10-30T23:12:29","date_gmt":"2023-10-31T06:12:29","guid":{"rendered":"https:\/\/www.regioncuatronoticias.com\/?p=2392"},"modified":"2023-10-30T23:12:31","modified_gmt":"2023-10-31T06:12:31","slug":"parte-desde-tapachula-nueva-caravana-de-migrantes","status":"publish","type":"post","link":"https:\/\/www.regioncuatronoticias.com\/index.php\/2023\/10\/30\/parte-desde-tapachula-nueva-caravana-de-migrantes\/","title":{"rendered":"Parte desde Tapachula nueva caravana de migrantes"},"content":{"rendered":"\n<p>Edgar H. Clemente, corresponsal<br>30 de octubre de 2023<br>Tomado de La Jornada<\/p>\n\n\n\n<p>Tapachula, Chis. Unos cinco mil migrantes salieron esta ma\u00f1ana en caravana desde Tapachula, Chiapas, en busca de avanzar hacia el norte y llegar a la frontera con Estados Unidos.<\/p>\n\n\n\n<p>Aunque los organizadores hablan de m\u00e1s de seis mil personas y estimaciones de la polic\u00eda local dicen que son unos 4 mil extranjeros.<\/p>\n\n\n\n<p>Integrada en su mayor\u00eda por migrantes de Honduras, El Salvador, Guatemala, Nicaragua, Venezuela, Hait\u00ed y Cuba, los extranjeros tomaron la carretera federal Tapachula-Arriaga para salir de la ciudad fronteriza con Guatemala.<\/p>\n\n\n\n<p>Irineo M\u00fajica, de la organizaci\u00f3n Pueblo Sin Fronteras, dijo que antes de partir enviaron un documento formal al titular del Instituto Nacional de Migraci\u00f3n para que les otorgaran permisos de tr\u00e1nsito a los migrantes y no se vieran obligados a caminar, pero no respondi\u00f3.<\/p>\n\n\n\n<p>Ante esa situaci\u00f3n decidieron emprender el viaje ya que en la frontera sur no hay empleo y los tr\u00e1mites de regularizaci\u00f3n ante la Comisi\u00f3n Mexicana de Ayuda a Refugiados y el Instituto Nacional de Migraci\u00f3n puede tardar de seis meses a un a\u00f1o.<\/p>\n\n\n\n<p>\u201cEs una irresponsabilidad del Gobierno Federal tratar de contener algo que es incontenible el n\u00famero de migrantes, los pa\u00edses aventando la migraci\u00f3n como si fuera un r\u00edo incontenible e impuls\u00e1ndola hacia M\u00e9xico y Estados Unidos, simplemente no no tiene manera de parar esto\u201d, expres\u00f3.<\/p>\n\n\n\n<p>El activista a\u00f1adi\u00f3 que \u201cmuchos est\u00e1n en situaci\u00f3n de calle, las rentas est\u00e1n muy caras, se han triplicado, la comida, los lugares donde se mantiene la comunidad migrante son de seis meses a un a\u00f1o, es imposible definitivamente tener a tantos\u201d.<\/p>\n\n\n\n<p>El hondure\u00f1o Carlos Eduardo Mart\u00ednez cont\u00f3 que decidi\u00f3 sumarse a la Caravana porque llevaba una semana buscando empleo en Tapachula y no consegu\u00eda. Adem\u00e1s que su cita en la Comar para continuar sus tr\u00e1mites se la dieron para tres meses.<\/p>\n\n\n\n<p>\u201cNo pod\u00eda yo seguir esperando sin dinero, durmiendo en la calle, no es vida. Mejor aqu\u00ed vamos para arriba y esperemos que el gobierno nos ayude, que no nos detenga\u201d, dijo mientras cargaba una mochila y un gal\u00f3n de agua.<\/p>\n\n\n\n<p>Jos\u00e9 Alberto Mar\u00eda de Guatemala, decidi\u00f3 migrar porque fue v\u00edctima de la extorsi\u00f3n de las Maras Salvatruchas durante el tiempo que trabaj\u00f3 como ayudante de chofer en los autobuses del transporte p\u00fablico, por lo que el ingreso que obten\u00eda diario ya no era suficiente para el sost\u00e9n de su familia.<\/p>\n\n\n\n<p>Detall\u00f3 que el cobro de piso rondaba los 500 quetzales guatemaltecos semanales y apenas le quedaban a veces 200 o 300 quetzales para el gasto de la casa, lo que ya era insostenible con una esposa y tres hijos.<\/p>\n\n\n\n<p>\u201cEst\u00e1 muy complicada la pasada. Migraci\u00f3n nos dice que regresemos a nuestro pa\u00eds, no nos ayudan, s\u00f3lo nos mienten que nos van ayudar, tenemos que pasar los d\u00edas en albergues para poder sobrevivir\u201d, extern\u00f3 el hombre de 48 a\u00f1os.<\/p>\n\n\n\n<p>La Caravana, que es custodiada por patrullas estatales y federales para agilizar el tr\u00e1fico vehicular, hace escala este mismo lunes en la comunidad de \u00c1lvaro Obreg\u00f3n, a unos 15 kil\u00f3metros de la ciudad, para continuar despu\u00e9s hacia Huehuet\u00e1n.<\/p>\n","protected":false},"excerpt":{"rendered":"<p>Edgar H. Clemente, corresponsal30 de octubre de 2023Tomado de La Jornada Tapachula, Chis. Unos cinco mil migrantes salieron esta ma\u00f1ana en caravana desde Tapachula, Chiapas, en busca de avanzar hacia el norte y llegar a la frontera con Estados Unidos. Aunque los organizadores hablan de m\u00e1s de seis mil personas y estimaciones de la polic\u00eda [&hellip;]<\/p>\n","protected":false},"author":1,"featured_media":2393,"comment_status":"open","ping_status":"open","sticky":false,"template":"","format":"standard","meta":{"content-type":"","footnotes":""},"categories":[3,105],"tags":[],"class_list":{"0":"post-2392","1":"post","2":"type-post","3":"status-publish","4":"format-standard","5":"has-post-thumbnail","7":"category-mexico","8":"category-principal"},"_links":{"self":[{"href":"https:\/\/www.regioncuatronoticias.com\/index.php\/wp-json\/wp\/v2\/posts\/2392","targetHints":{"allow":["GET"]}}],"collection":[{"href":"https:\/\/www.regioncuatronoticias.com\/index.php\/wp-json\/wp\/v2\/posts"}],"about":[{"href":"https:\/\/www.regioncuatronoticias.com\/index.php\/wp-json\/wp\/v2\/types\/post"}],"author":[{"embeddable":true,"href":"https:\/\/www.regioncuatronoticias.com\/index.php\/wp-json\/wp\/v2\/users\/1"}],"replies":[{"embeddable":true,"href":"https:\/\/www.regioncuatronoticias.com\/index.php\/wp-json\/wp\/v2\/comments?post=2392"}],"version-history":[{"count":1,"href":"https:\/\/www.regioncuatronoticias.com\/index.php\/wp-json\/wp\/v2\/posts\/2392\/revisions"}],"predecessor-version":[{"id":2394,"href":"https:\/\/www.regioncuatronoticias.com\/index.php\/wp-json\/wp\/v2\/posts\/2392\/revisions\/2394"}],"wp:featuredmedia":[{"embeddable":true,"href":"https:\/\/www.regioncuatronoticias.com\/index.php\/wp-json\/wp\/v2\/media\/2393"}],"wp:attachment":[{"href":"https:\/\/www.regioncuatronoticias.com\/index.php\/wp-json\/wp\/v2\/media?parent=2392"}],"wp:term":[{"taxonomy":"category","embeddable":true,"href":"https:\/\/www.regioncuatronoticias.com\/index.php\/wp-json\/wp\/v2\/categories?post=2392"},{"taxonomy":"post_tag","embeddable":true,"href":"https:\/\/www.regioncuatronoticias.com\/index.php\/wp-json\/wp\/v2\/tags?post=2392"}],"curies":[{"name":"wp","href":"https:\/\/api.w.org\/{rel}","templated":true}]}}