{"id":2365,"date":"2023-10-30T01:26:41","date_gmt":"2023-10-30T08:26:41","guid":{"rendered":"https:\/\/www.regioncuatronoticias.com\/?p=2365"},"modified":"2023-10-30T01:26:44","modified_gmt":"2023-10-30T08:26:44","slug":"deslumbra-nacion-comcaac-con-presentacion-en-el-cervantino","status":"publish","type":"post","link":"https:\/\/www.regioncuatronoticias.com\/index.php\/2023\/10\/30\/deslumbra-nacion-comcaac-con-presentacion-en-el-cervantino\/","title":{"rendered":"Deslumbra Naci\u00f3n Comcaac con presentaci\u00f3n en el Cervantino"},"content":{"rendered":"\n<p>ntegrantes de la etnia Comcaac formaron parte de la comitiva sonorense en Guanajuato para mostrar su cultura y tradiciones, a trav\u00e9s del canto, artesan\u00edas y exposiciones.<\/p>\n\n\n\n<p>Los temas fueron presentados en lenguaje Seri, pero por ser construidos con sonidos que emanan a elementos naturales \/ Foto: Gil Reyes | El Sol de Hermosillo<\/p>\n\n\n\n<p>Gil Reyes | El Sol de Hermosillo<\/p>\n\n\n\n<p>La melodiosa voz de Betza Torres y los sonidos que produce Francisco Molina fueron deslumbrantes para quienes tuvieron la oportunidad de escucharlos durante su participaci\u00f3n en el Festival Internacional Cervantino 2023 en Guanajuato, Guanajuato.<\/p>\n\n\n\n<p>Ambos integrantes de la etnia Comcaac formaron parte de la comitiva sonorense que se traslad\u00f3 hasta esta ciudad para mostrar su cultura y tradiciones, a trav\u00e9s del canto, artesan\u00edas y exposiciones.<\/p>\n\n\n\n<p>Durante su performance, Betza enton\u00f3 melod\u00edas que relataron la esencia de su tribu, as\u00ed como las historias de ancestros, quienes han consolidado un identidad en ese lugar.<\/p>\n\n\n\n<p>Todos los temas fueron presentados en lenguaje Seri, pero por ser construidos con sonidos que emanan a elementos naturales y otros tanto m\u00edsticos, se cre\u00f3 una escena relajante y a la vez espiritual para los presentes.<\/p>\n\n\n\n<p>Molina, forma parte de la agrupaci\u00f3n Hamac Cazzim y con Enj (instrumento de cuerda) aport\u00f3 el acompa\u00f1amiento a cafa melod\u00eda.<\/p>\n\n\n\n<p>\u201cLo que aqu\u00ed cantamos es parte de lo que nuestros ancestros nos han transmitido generaci\u00f3n tras generaci\u00f3n. Son cantos del mar, desierto, la arena, la brisa y del agua, que tomamos para bailar en nuestras ceremonias\u201d, expreso la cantante.<\/p>\n\n\n\n<p>RAnteriormente, Torres y Molina comentaron al Sol de Hermosillo lo orgullosos que estaban de llevar sus tradiciones a otros estados, incluso pa\u00edses, ya que les permite que m\u00e1s gente conozca su esencia y cultura.<\/p>\n\n\n\n<p>La semana pasada tambi\u00e9n se realiz\u00f3 un evento similar protagonizado por ellos mismos, por lo que aseguran que el mensaje de paz y espiritualidad lleg\u00f3 a m\u00e1s personas de las imaginadas.<\/p>\n\n\n\n<p>Deslumbra Naci\u00f3n Comcaac con presentaci\u00f3n en el Cervantino<\/p>\n","protected":false},"excerpt":{"rendered":"<p>ntegrantes de la etnia Comcaac formaron parte de la comitiva sonorense en Guanajuato para mostrar su cultura y tradiciones, a trav\u00e9s del canto, artesan\u00edas y exposiciones. Los temas fueron presentados en lenguaje Seri, pero por ser construidos con sonidos que emanan a elementos naturales \/ Foto: Gil Reyes | El Sol de Hermosillo Gil Reyes [&hellip;]<\/p>\n","protected":false},"author":1,"featured_media":2366,"comment_status":"open","ping_status":"open","sticky":false,"template":"","format":"standard","meta":{"content-type":"","footnotes":""},"categories":[112,9],"tags":[],"class_list":{"0":"post-2365","1":"post","2":"type-post","3":"status-publish","4":"format-standard","5":"has-post-thumbnail","7":"category-cultura","8":"category-sonora"},"_links":{"self":[{"href":"https:\/\/www.regioncuatronoticias.com\/index.php\/wp-json\/wp\/v2\/posts\/2365","targetHints":{"allow":["GET"]}}],"collection":[{"href":"https:\/\/www.regioncuatronoticias.com\/index.php\/wp-json\/wp\/v2\/posts"}],"about":[{"href":"https:\/\/www.regioncuatronoticias.com\/index.php\/wp-json\/wp\/v2\/types\/post"}],"author":[{"embeddable":true,"href":"https:\/\/www.regioncuatronoticias.com\/index.php\/wp-json\/wp\/v2\/users\/1"}],"replies":[{"embeddable":true,"href":"https:\/\/www.regioncuatronoticias.com\/index.php\/wp-json\/wp\/v2\/comments?post=2365"}],"version-history":[{"count":1,"href":"https:\/\/www.regioncuatronoticias.com\/index.php\/wp-json\/wp\/v2\/posts\/2365\/revisions"}],"predecessor-version":[{"id":2367,"href":"https:\/\/www.regioncuatronoticias.com\/index.php\/wp-json\/wp\/v2\/posts\/2365\/revisions\/2367"}],"wp:featuredmedia":[{"embeddable":true,"href":"https:\/\/www.regioncuatronoticias.com\/index.php\/wp-json\/wp\/v2\/media\/2366"}],"wp:attachment":[{"href":"https:\/\/www.regioncuatronoticias.com\/index.php\/wp-json\/wp\/v2\/media?parent=2365"}],"wp:term":[{"taxonomy":"category","embeddable":true,"href":"https:\/\/www.regioncuatronoticias.com\/index.php\/wp-json\/wp\/v2\/categories?post=2365"},{"taxonomy":"post_tag","embeddable":true,"href":"https:\/\/www.regioncuatronoticias.com\/index.php\/wp-json\/wp\/v2\/tags?post=2365"}],"curies":[{"name":"wp","href":"https:\/\/api.w.org\/{rel}","templated":true}]}}