{"id":2344,"date":"2023-10-29T23:47:51","date_gmt":"2023-10-30T06:47:51","guid":{"rendered":"https:\/\/www.regioncuatronoticias.com\/?p=2344"},"modified":"2023-10-29T23:47:55","modified_gmt":"2023-10-30T06:47:55","slug":"gustavo-petro-sufre-reves-en-elecciones-locales-su-candidato-pierde-alcaldia-de-bogota","status":"publish","type":"post","link":"https:\/\/www.regioncuatronoticias.com\/index.php\/2023\/10\/29\/gustavo-petro-sufre-reves-en-elecciones-locales-su-candidato-pierde-alcaldia-de-bogota\/","title":{"rendered":"Gustavo Petro sufre rev\u00e9s en elecciones locales: Su candidato pierde alcald\u00eda de Bogot\u00e1"},"content":{"rendered":"\n<p>Latinus<br>octubre 29, 2023<\/p>\n\n\n\n<p>Foto: AP<br>AP.- El presidente colombiano Gustavo Petro sufri\u00f3 un duro rev\u00e9s en los comicios locales que se desarrollaron el domingo, luego de que el candidato de su movimiento pol\u00edtico de izquierda para la alcald\u00eda de Bogot\u00e1 fue superado por un pol\u00edtico moderado. En otras grandes ciudades como Medell\u00edn, Bucaramanga, Cali y Barranquilla tambi\u00e9n fueron escogidos aspirantes ajenos a su l\u00ednea pol\u00edtica.<\/p>\n\n\n\n<p>Con el 100% de las mesas informadas en Bogot\u00e1, la Registradur\u00eda indic\u00f3 que Carlos Fernando Gal\u00e1n obtuvo m\u00e1s del 49% de los votos, seguido por el independiente Juan Daniel Oviedo y el petrista Gustavo Bol\u00edvar, con el 20% y el 18% de los votos, respectivamente.<\/p>\n\n\n\n<p>Te puede interesar: Petro amaga con romper relaciones en respuesta al reclamo de Israel; llama a Latinoam\u00e9rica a apoyar a Colombia<\/p>\n\n\n\n<p>Con estos resultados del preconteo \u2014de car\u00e1cter informativo y sin fuerza jur\u00eddica\u2014 Bogot\u00e1 evita una segunda vuelta, pues el primer lugar super\u00f3 el 40% de las preferencias y lidera a su m\u00e1s cercano perseguidor por al menos 10 puntos porcentuales. Luego de finalizar el preconteo, el Consejo Nacional Electoral har\u00e1 el escrutinio, con fuerza jur\u00eddica.<\/p>\n\n\n\n<p>Las urnas abrieron a las 8:00 de la ma\u00f1ana hora local y cerraron a las 4:00 de la tarde para dar inicio al conteo de votos en todo el pa\u00eds, con un padr\u00f3n de 38.9 millones de ciudadanos para elegir a mil 102 alcaldes, 32 gobernadores, 12 mil 072 concejales, 418 diputados de asambleas departamentales y 6 mil 885 ediles o miembros de las Juntas Administradoras Locales.<\/p>\n\n\n\n<p>En su discurso al finalizar la jornada, Petro felicit\u00f3 a todos los ganadores y manifest\u00f3 su voluntad de trabajar en equipo para llevar adelante sus propuestas en el pa\u00eds.<\/p>\n\n\n\n<p>En su tercer intento por llegar a la alcald\u00eda de Bogot\u00e1, ciudad de ocho millones de habitantes, Gal\u00e1n consigui\u00f3 imponerse en el basti\u00f3n del petrismo y quedarse con el segundo cargo de elecci\u00f3n popular m\u00e1s importante del pa\u00eds.<\/p>\n\n\n\n<p>Su victoria tambi\u00e9n impulsa al Nuevo Liberalismo, un partido que revivi\u00f3 hace poco luego de su fundaci\u00f3n en la d\u00e9cada de 1980 por su padre Luis Carlos Gal\u00e1n, quien fue asesinado en 1989 durante un acto de campa\u00f1a rumbo a la presidencia.<\/p>\n\n\n\n<p>Sigue leyendo: Dan cadena perpetua a exmilitar colombiano que particip\u00f3 en el magnicidio de Jovenel Mo\u00efse, presidente de Hait\u00ed<\/p>\n\n\n\n<p>En segundo lugar, y con la posibilidad de un esca\u00f1o en el concejo municipal, qued\u00f3 el independiente Oviedo, nuevo en las aspiraciones electorales y exdirector del Departamento de Estad\u00edstica del gobierno del conservador Iv\u00e1n Duque (2018-2022). En tanto, el exsenador Bol\u00edvar, candidato del oficialista Pacto Hist\u00f3rico y guionista y director de cine, estuvo muy cerca del segundo lugar, pero no logr\u00f3 competir en una segunda vuelta como lo pronosticaban algunas encuestas.<\/p>\n\n\n\n<p>John James Guarnizo, un taxista de 57 a\u00f1os, decidi\u00f3 votar para que \u201cla ciudad cambie\u201d, especialmente por su inconformidad con la seguridad y la movilidad, dado que, seg\u00fan explic\u00f3 a The Associated Press, son problemas que anteriores alcaldes han prometido resolver sin \u00e9xito. \u201cVamos a ver qu\u00e9 pasa con el se\u00f1or que vamos a montar, que es Gal\u00e1n\u201d, agreg\u00f3 euf\u00f3rico.<\/p>\n\n\n\n<p>La elecci\u00f3n del alcalde de Bogot\u00e1 ha concentrado la atenci\u00f3n de Petro, quien gobern\u00f3 la capital entre 2012 y 2015 y para quien es medular la construcci\u00f3n de la primera l\u00ednea de metro, la cual ya est\u00e1 contratada por m\u00e1s 3 mil 300 millones de d\u00f3lares a empresas chinas. Insiste en lograr que una parte sea subterr\u00e1nea, como lo plane\u00f3 desde su alcald\u00eda, una idea que ten\u00eda mayor cabida con Bol\u00edvar que con Gal\u00e1n.<\/p>\n\n\n\n<p>En la v\u00edspera a las elecciones, Petro insinu\u00f3 sobre la posibilidad de hacer un plebiscito para decidir el futuro del metro. Tras la derrota de Bol\u00edvar, la actual alcaldesa Claudia L\u00f3pez \u2014que defiende el proyecto sin mayores cambios\u2014 asegur\u00f3 el domingo desde X (antes Twitter) que \u201dsi quer\u00edan un plebiscito ah\u00ed lo tienen fuerte y claro. El metro no tiene reversa\u201d.<\/p>\n\n\n\n<p>Bol\u00edvar era el candidato del Pacto Hist\u00f3rico que ten\u00eda mayores posibilidades de ganar, de acuerdo con las encuestas y los analistas. En otras grandes ciudades del pa\u00eds el movimiento pol\u00edtico de Petro no ten\u00eda punteros.<\/p>\n\n\n\n<p>Recomendamos: Bukele formaliza su intenci\u00f3n de buscar la reelecci\u00f3n en El Salvador: \u201cCon la ayuda de Dios enterraremos a la oposici\u00f3n\u201d<\/p>\n\n\n\n<p>Yann Basset, profesor de Ciencia Pol\u00edtica de la Universidad del Rosario, dijo a la AP que la izquierda la tiene dif\u00edcil para avanzar en las elecciones locales, pese a su reciente victoria nacional con Petro, dado que \u201cel gobierno ha perdido mucha de la popularidad con la cual arranc\u00f3 hace un a\u00f1o\u201d.<\/p>\n\n\n\n<p>En Medell\u00edn, un basti\u00f3n conservador, el excandidato presidencial Federico Guti\u00e9rrez gan\u00f3 con m\u00e1s del 73% de los votos por apenas el 10% para Juan Carlos Upegui de Pacto Hist\u00f3rico.<\/p>\n\n\n\n<p>En Barranquilla, al norte del pa\u00eds, Alejandro Char se impuso con el 73% de los votos. El miembro de una familia de enorme tradici\u00f3n en la pol\u00edtica derrot\u00f3 por un enorme margen al candidato del Pacto Hist\u00f3rico Antonio Boh\u00f3rquez, quien obtuvo el 9% de las preferencias.<\/p>\n\n\n\n<p>En Bucaramanga, al nororiente colombiano, el ganador fue Jaime Beltr\u00e1n, un pastor con ideas conservadoras, con un 34%. Su triunfo le da un giro a la ciudad, que en las \u00faltimas dos elecciones hab\u00eda escogido alcaldes nuevos en la pol\u00edtica con un discurso anticorrupci\u00f3n.<\/p>\n\n\n\n<p>En Cali, al suroccidente del pa\u00eds, el ganador fue el empresario Alejandro Eder, apoyado por varios partidos tradicionales, con el 40% de la votaci\u00f3n y por encima de Roberto Ortiz, apoyado por algunos sectores del petrismo y quien obtuvo el 28% de los sufragios.<\/p>\n\n\n\n<p>Lee despu\u00e9s: La oposici\u00f3n venezolana proclama a la exlegisladora Mar\u00eda Corina Machado como su candidata presidencial<\/p>\n\n\n\n<p>A diferencia de la elecci\u00f3n presidencial de 2022, los actuales comicios locales no son vistos por los analistas con una marcada influencia de las multitudinarias protestas de 2021 \u2014con Cali como epicentro\u2014 que develaron una profunda inconformidad social y que explicaron en parte el arribo al poder de Petro, el primer izquierdista en ocupar el cargo en Colombia.<\/p>\n\n\n\n<p>\u201cLa inequidad que gener\u00f3 el malestar social sigue latente, pero ahora es mucho menor. Los que anteriormente se indignaban con el establecimiento hoy son establecimiento\u201d, asegur\u00f3 a The Associated Press el experto en marketing pol\u00edtico Carlos Arias Orejuela.<\/p>\n\n\n\n<p>Los colombianos acudieron el domingo a las urnas para elegir a los mandatarios locales que asumir\u00e1n en enero en una elecci\u00f3n rodeada de algunos actos de violencia en el resto del pa\u00eds.<\/p>\n\n\n\n<p>Al comienzo y al cierre de la jornada, la Registradur\u00eda guard\u00f3 un minuto de silencio por la memoria de Duperly Ar\u00e9valo, una funcionaria que falleci\u00f3 el s\u00e1bado cuando fue atacada e incendiada la sede de esa entidad en Gamarra, al noreste de Colombia. Cuatro civiles y dos polic\u00edas resultaron heridos.<\/p>\n\n\n\n<p>Se trata de las segundas elecciones locales desde que el Estado y la antigua guerrilla Fuerzas Armadas Revolucionarias de Colombia (FARC) firmaron la paz en 2016 para poner fin a cinco d\u00e9cadas de conflicto.<\/p>\n\n\n\n<p>Sigue inform\u00e1ndote: El Salvador incauta en la frontera con Honduras un cargamento de ampolletas con fentanilo que ten\u00eda como destino M\u00e9xico y EU<\/p>\n\n\n\n<p>Sin embargo, la violencia persiste en el pa\u00eds y la estatal Defensor\u00eda del Pueblo report\u00f3 la suspensi\u00f3n temporal de las elecciones en Ricaurte, fronterizo con Ecuador, por falta de garant\u00edas de seguridad. En zonas rurales de Norte de Santander, fronterizo con Venezuela, miembros de la guerrilla Ej\u00e9rcito de Liberaci\u00f3n Nacional (ELN) no permitieron transitar algunos sufragantes; y en Bol\u00edvar, al norte del pa\u00eds, el c\u00e1rtel Clan del Golfo intimid\u00f3 a electores.<\/p>\n\n\n\n<p>\u201cConsidero que es el deber y el derecho de venir y decidir, al final eso tiene una implicaci\u00f3n en el pa\u00eds\u201d, dijo a The Associated Press Carlos Alberto G\u00e1mez, de 36 a\u00f1os y administrador de empresas, tras votar al norte de Bogot\u00e1. \u201cSoy v\u00edctima del conflicto, a mi pap\u00e1 lo secuestraron en 1998, y creo que a\u00fan despu\u00e9s del proceso de paz siguen pasando cosas que no deber\u00edan, como homicidios y violencia en la calle\u201d, agreg\u00f3.<\/p>\n\n\n\n<p>En la v\u00edspera fueron secuestrados los padres del futbolista colombiano Luis D\u00edaz, destacado jugador del club ingl\u00e9s Liverpool, cuando se trasladaban en su veh\u00edculo en el Caribe. La madre fue rescatada y siguen en busca del padre.<\/p>\n\n\n\n<p>\u201cDebemos llegar al punto de poder discutir y que el conflicto no se tramite a trav\u00e9s de la eliminaci\u00f3n del contrario\u201d, dijo Petro al cierre de la jornada electoral.<\/p>\n","protected":false},"excerpt":{"rendered":"<p>Latinusoctubre 29, 2023 Foto: APAP.- El presidente colombiano Gustavo Petro sufri\u00f3 un duro rev\u00e9s en los comicios locales que se desarrollaron el domingo, luego de que el candidato de su movimiento pol\u00edtico de izquierda para la alcald\u00eda de Bogot\u00e1 fue superado por un pol\u00edtico moderado. En otras grandes ciudades como Medell\u00edn, Bucaramanga, Cali y Barranquilla [&hellip;]<\/p>\n","protected":false},"author":1,"featured_media":2345,"comment_status":"open","ping_status":"open","sticky":false,"template":"","format":"standard","meta":{"content-type":"","footnotes":""},"categories":[7,105],"tags":[],"class_list":{"0":"post-2344","1":"post","2":"type-post","3":"status-publish","4":"format-standard","5":"has-post-thumbnail","7":"category-internacional","8":"category-principal"},"_links":{"self":[{"href":"https:\/\/www.regioncuatronoticias.com\/index.php\/wp-json\/wp\/v2\/posts\/2344","targetHints":{"allow":["GET"]}}],"collection":[{"href":"https:\/\/www.regioncuatronoticias.com\/index.php\/wp-json\/wp\/v2\/posts"}],"about":[{"href":"https:\/\/www.regioncuatronoticias.com\/index.php\/wp-json\/wp\/v2\/types\/post"}],"author":[{"embeddable":true,"href":"https:\/\/www.regioncuatronoticias.com\/index.php\/wp-json\/wp\/v2\/users\/1"}],"replies":[{"embeddable":true,"href":"https:\/\/www.regioncuatronoticias.com\/index.php\/wp-json\/wp\/v2\/comments?post=2344"}],"version-history":[{"count":1,"href":"https:\/\/www.regioncuatronoticias.com\/index.php\/wp-json\/wp\/v2\/posts\/2344\/revisions"}],"predecessor-version":[{"id":2346,"href":"https:\/\/www.regioncuatronoticias.com\/index.php\/wp-json\/wp\/v2\/posts\/2344\/revisions\/2346"}],"wp:featuredmedia":[{"embeddable":true,"href":"https:\/\/www.regioncuatronoticias.com\/index.php\/wp-json\/wp\/v2\/media\/2345"}],"wp:attachment":[{"href":"https:\/\/www.regioncuatronoticias.com\/index.php\/wp-json\/wp\/v2\/media?parent=2344"}],"wp:term":[{"taxonomy":"category","embeddable":true,"href":"https:\/\/www.regioncuatronoticias.com\/index.php\/wp-json\/wp\/v2\/categories?post=2344"},{"taxonomy":"post_tag","embeddable":true,"href":"https:\/\/www.regioncuatronoticias.com\/index.php\/wp-json\/wp\/v2\/tags?post=2344"}],"curies":[{"name":"wp","href":"https:\/\/api.w.org\/{rel}","templated":true}]}}