{"id":22959,"date":"2025-01-15T17:33:20","date_gmt":"2025-01-16T00:33:20","guid":{"rendered":"https:\/\/www.regioncuatronoticias.com\/?p=22959"},"modified":"2025-01-15T17:33:22","modified_gmt":"2025-01-16T00:33:22","slug":"sheinbaum-se-reune-con-empresarios-canadienses-para-fortalecer-inversiones-en-mexico","status":"publish","type":"post","link":"https:\/\/www.regioncuatronoticias.com\/index.php\/2025\/01\/15\/sheinbaum-se-reune-con-empresarios-canadienses-para-fortalecer-inversiones-en-mexico\/","title":{"rendered":"Sheinbaum se re\u00fane con empresarios canadienses para fortalecer inversiones en M\u00e9xico"},"content":{"rendered":"\n<p><strong>Altagracia G\u00f3mez, coordinadora del Consejo Asesor Empresarial de Presidencia de la Rep\u00fablica, subray\u00f3 que el objetivo principal del encuentro no era anunciar<\/strong> <strong>nuevas inversiones, sino analizar el progreso de los proyectos ya existentes en M\u00e9xico.<\/strong><\/p>\n\n\n\n<p>Tomado de El Economista<\/p>\n\n\n\n<p>Arturo Rojas<\/p>\n\n\n\n<p>Mi\u00e9rcoles 15 de enero de 2025<\/p>\n\n\n\n<p>Empresarios canadienses se reunieron esete mi\u00e9rcoles con la presidenta de M\u00e9xico Claudia Sheinbaum, para manifestar un s\u00f3lido inter\u00e9s por incrementar sus inversiones en el pa\u00eds, en un esfuerzo conjunto por fortalecer la regi\u00f3n bajo el marco del acuerdo comercial de Norteam\u00e9rica (T-MEC).<\/p>\n\n\n\n<p>Francisco Cervantes, presidente del Consejo Coordinador Empresarial (CCE), destac\u00f3 la participaci\u00f3n de los 10 principales empresarios canadienses, quienes discutieron estrategias para potenciar sectores clave.<\/p>\n\n\n\n<p>Tambi\u00e9n, enfatiz\u00f3 que en el pa\u00eds se est\u00e1 generando un clima de confianza para atraer inversi\u00f3n extranjera como nunca antes, con empleos mejor remunerados como uno de los objetivos principales.<\/p>\n\n\n\n<p>\u201cEl Gobierno, encabezado por la presidenta, est\u00e1 haciendo un trabajo excepcional para consolidar a M\u00e9xico como un destino atractivo para los inversionistas\u201d, afirm\u00f3 Cerv\u00e1ntes.<\/p>\n\n\n\n<p>Entre los sectores que destacaron durante la reuni\u00f3n en Palacio Nacional se encuentran:<\/p>\n\n\n\n<p><strong>Autopartes: Empresas canadienses l\u00edderes en este sector tienen mayores inversiones en M\u00e9xico que en su pa\u00eds de origen.<\/strong><\/p>\n\n\n\n<p><strong>Turismo: Particip\u00f3 el CEO mundial de Scotiabank, mostrando inter\u00e9s en proyectos tur\u00edsticos binacionales.<\/strong><\/p>\n\n\n\n<p><strong>Manufactura: Se discutieron inversiones en empresas muebleras, de autopartes y marcas vinculadas al sector de bebidas.<\/strong><\/p>\n\n\n\n<p>\u201cEstamos trabajando juntos para desarrollar un plan sobre aranceles con Estados Unidos y asegurar que las negociaciones sean favorables para todos los involucrados\u201d, explic\u00f3 el titular del CCE.<\/p>\n\n\n\n<p>Altagracia G\u00f3mez, coordinadora del Consejo Asesor Empresarial de Presidencia de la Rep\u00fablica, subray\u00f3 que el objetivo principal del encuentro no era anunciar nuevas inversiones, sino analizar el progreso de los proyectos ya existentes en M\u00e9xico.<\/p>\n\n\n\n<p>\u201cCada empresario present\u00f3 las \u00e1reas donde identifican oportunidades y se desarrollaron un m\u00e9todo de trabajo para mejorar la coordinaci\u00f3n regional\u201d, explic\u00f3.<\/p>\n\n\n\n<p><a href=\"https:\/\/www.eleconomista.com.mx\/politica\/sheinbaum-reune-empresarios-canadienses-fortalecer-inversiones-mexico-20250115-742115.html\">https:\/\/www.eleconomista.com.mx\/politica\/sheinbaum-reune-empresarios-canadienses-fortalecer-inversiones-mexico-20250115-742115.html<\/a><\/p>\n","protected":false},"excerpt":{"rendered":"<p>Altagracia G\u00f3mez, coordinadora del Consejo Asesor Empresarial de Presidencia de la Rep\u00fablica, subray\u00f3 que el objetivo principal del encuentro no era anunciar nuevas inversiones, sino analizar el progreso de los proyectos ya existentes en M\u00e9xico. Tomado de El Economista Arturo Rojas Mi\u00e9rcoles 15 de enero de 2025 Empresarios canadienses se reunieron esete mi\u00e9rcoles con la [&hellip;]<\/p>\n","protected":false},"author":1,"featured_media":22960,"comment_status":"open","ping_status":"open","sticky":false,"template":"","format":"standard","meta":{"content-type":"","footnotes":""},"categories":[114,3,105],"tags":[],"class_list":{"0":"post-22959","1":"post","2":"type-post","3":"status-publish","4":"format-standard","5":"has-post-thumbnail","7":"category-economia","8":"category-mexico","9":"category-principal"},"_links":{"self":[{"href":"https:\/\/www.regioncuatronoticias.com\/index.php\/wp-json\/wp\/v2\/posts\/22959","targetHints":{"allow":["GET"]}}],"collection":[{"href":"https:\/\/www.regioncuatronoticias.com\/index.php\/wp-json\/wp\/v2\/posts"}],"about":[{"href":"https:\/\/www.regioncuatronoticias.com\/index.php\/wp-json\/wp\/v2\/types\/post"}],"author":[{"embeddable":true,"href":"https:\/\/www.regioncuatronoticias.com\/index.php\/wp-json\/wp\/v2\/users\/1"}],"replies":[{"embeddable":true,"href":"https:\/\/www.regioncuatronoticias.com\/index.php\/wp-json\/wp\/v2\/comments?post=22959"}],"version-history":[{"count":1,"href":"https:\/\/www.regioncuatronoticias.com\/index.php\/wp-json\/wp\/v2\/posts\/22959\/revisions"}],"predecessor-version":[{"id":22961,"href":"https:\/\/www.regioncuatronoticias.com\/index.php\/wp-json\/wp\/v2\/posts\/22959\/revisions\/22961"}],"wp:featuredmedia":[{"embeddable":true,"href":"https:\/\/www.regioncuatronoticias.com\/index.php\/wp-json\/wp\/v2\/media\/22960"}],"wp:attachment":[{"href":"https:\/\/www.regioncuatronoticias.com\/index.php\/wp-json\/wp\/v2\/media?parent=22959"}],"wp:term":[{"taxonomy":"category","embeddable":true,"href":"https:\/\/www.regioncuatronoticias.com\/index.php\/wp-json\/wp\/v2\/categories?post=22959"},{"taxonomy":"post_tag","embeddable":true,"href":"https:\/\/www.regioncuatronoticias.com\/index.php\/wp-json\/wp\/v2\/tags?post=22959"}],"curies":[{"name":"wp","href":"https:\/\/api.w.org\/{rel}","templated":true}]}}