{"id":22953,"date":"2025-01-15T15:00:43","date_gmt":"2025-01-15T22:00:43","guid":{"rendered":"https:\/\/www.regioncuatronoticias.com\/?p=22953"},"modified":"2025-01-15T15:00:45","modified_gmt":"2025-01-15T22:00:45","slug":"opcion-de-intervencion-militar-contra-carteles-estara-a-disposicion-de-trump-marco-rubio","status":"publish","type":"post","link":"https:\/\/www.regioncuatronoticias.com\/index.php\/2025\/01\/15\/opcion-de-intervencion-militar-contra-carteles-estara-a-disposicion-de-trump-marco-rubio\/","title":{"rendered":"Opci\u00f3n de intervenci\u00f3n militar contra c\u00e1rteles estar\u00e1 &#8216;a disposici\u00f3n&#8217; de Trump: Marco Rubio"},"content":{"rendered":"\n<p><strong>El nominado a secretario de Estado en sustituci\u00f3n de Antony Blinken, acus\u00f3 al crimen organizado mexicano de estar &#8216;aterrorizando a Estados Unidos con la inmigraci\u00f3n masiva y el tr\u00e1fico de drogas&#8217;.<\/strong><\/p>\n\n\n\n<p>Tomado de Aristegui Noticias<\/p>\n\n\n\n<p>Redacci\u00f3n AN \/ ARF<\/p>\n\n\n\n<p>Mi\u00e9rcoles 15 de enero de 2025<\/p>\n\n\n\n<p>El senador Marco Rubio, nominado a secretario de Estado de Estados Unidos en la pr\u00f3xima Administraci\u00f3n de Donald Trump, asegur\u00f3 este mi\u00e9rcoles que declarar a los c\u00e1rteles mexicanos del narcotr\u00e1fico como organizaciones terroristas podr\u00eda ser una herramienta \u201cimperfecta\u201d pero \u201cadecuada\u201d para combatirlos.<\/p>\n\n\n\n<p>Durante su audiencia de confirmaci\u00f3n ante el Senado, Rubio declar\u00f3 que su esperanza \u201cen un mundo perfecto\u201d ser\u00eda la de poder colaborar estrechamente con las autoridades de M\u00e9xico para acabar con el crimen organizado.<\/p>\n\n\n\n<p>El senador republicano fue nominado a jefe de la diplomacia estadounidense por Trump, quien asumir\u00e1 el poder el pr\u00f3ximo 20 de enero y ha prometido declarar a los c\u00e1rteles de la droga como organizaciones terroristas extranjeras.<\/p>\n\n\n\n<p>Rubio declar\u00f3 que esta designaci\u00f3n ser\u00eda \u201cprobablemente una herramienta imperfecta\u201d dado que los c\u00e1rteles son \u201corganizaciones criminales sofisticadas\u201d que trafican con drogas y migrantes, y que tienen \u201cel control\u201d de grandes zonas de la frontera mexicana, pero abri\u00f3 la puerta a utilizarla.<\/p>\n\n\n\n<p>Ya sea que esa sea la herramienta que usemos, que puede ser la adecuada, o alguna nueva que se nos ocurra, es importante para nosotros no solo perseguir a estos grupos, sino identificarlos y llamarlos por lo que son, es decir, terroristas por naturaleza.<\/p>\n\n\n\n<p>El nominado a secretario de Estado en sustituci\u00f3n de Antony Blinken, acus\u00f3 al crimen organizado mexicano de estar \u201caterrorizando a Estados Unidos con la inmigraci\u00f3n masiva y el tr\u00e1fico de drogas\u201d.<\/p>\n\n\n\n<p>Preguntado por una posible intervenci\u00f3n militar en M\u00e9xico para combatir al narcotr\u00e1fico, Rubio respondi\u00f3 que esa es una opci\u00f3n que Trump tendr\u00e1 a su \u201cdisposici\u00f3n\u201d, pero \u00e9l dijo que apuesta por la cooperaci\u00f3n con el Gobierno mexicano.<\/p>\n\n\n\n<p>Creo que ellos tambi\u00e9n pueden hacer m\u00e1s para enfrentar este desaf\u00edo. Y, desde la perspectiva del Departamento de Estado, mi preferencia ser\u00eda que podamos trabajar con los mexicanos en este tema de manera cooperativa, porque est\u00e1 afectando a su naci\u00f3n tanto como a la nuestra.<\/p>\n\n\n\n<p><a href=\"https:\/\/aristeguinoticias.com\/150125\/mundo\/opcion-de-intervencion-militar-contra-carteles-estara-a-disposicion-de-trump-marco-rubio\">https:\/\/aristeguinoticias.com\/150125\/mundo\/opcion-de-intervencion-militar-contra-carteles-estara-a-disposicion-de-trump-marco-rubio<\/a><\/p>\n","protected":false},"excerpt":{"rendered":"<p>El nominado a secretario de Estado en sustituci\u00f3n de Antony Blinken, acus\u00f3 al crimen organizado mexicano de estar &#8216;aterrorizando a Estados Unidos con la inmigraci\u00f3n masiva y el tr\u00e1fico de drogas&#8217;. Tomado de Aristegui Noticias Redacci\u00f3n AN \/ ARF Mi\u00e9rcoles 15 de enero de 2025 El senador Marco Rubio, nominado a secretario de Estado de [&hellip;]<\/p>\n","protected":false},"author":1,"featured_media":22954,"comment_status":"open","ping_status":"open","sticky":false,"template":"","format":"standard","meta":{"content-type":"","footnotes":""},"categories":[7,105],"tags":[],"class_list":{"0":"post-22953","1":"post","2":"type-post","3":"status-publish","4":"format-standard","5":"has-post-thumbnail","7":"category-internacional","8":"category-principal"},"_links":{"self":[{"href":"https:\/\/www.regioncuatronoticias.com\/index.php\/wp-json\/wp\/v2\/posts\/22953","targetHints":{"allow":["GET"]}}],"collection":[{"href":"https:\/\/www.regioncuatronoticias.com\/index.php\/wp-json\/wp\/v2\/posts"}],"about":[{"href":"https:\/\/www.regioncuatronoticias.com\/index.php\/wp-json\/wp\/v2\/types\/post"}],"author":[{"embeddable":true,"href":"https:\/\/www.regioncuatronoticias.com\/index.php\/wp-json\/wp\/v2\/users\/1"}],"replies":[{"embeddable":true,"href":"https:\/\/www.regioncuatronoticias.com\/index.php\/wp-json\/wp\/v2\/comments?post=22953"}],"version-history":[{"count":1,"href":"https:\/\/www.regioncuatronoticias.com\/index.php\/wp-json\/wp\/v2\/posts\/22953\/revisions"}],"predecessor-version":[{"id":22955,"href":"https:\/\/www.regioncuatronoticias.com\/index.php\/wp-json\/wp\/v2\/posts\/22953\/revisions\/22955"}],"wp:featuredmedia":[{"embeddable":true,"href":"https:\/\/www.regioncuatronoticias.com\/index.php\/wp-json\/wp\/v2\/media\/22954"}],"wp:attachment":[{"href":"https:\/\/www.regioncuatronoticias.com\/index.php\/wp-json\/wp\/v2\/media?parent=22953"}],"wp:term":[{"taxonomy":"category","embeddable":true,"href":"https:\/\/www.regioncuatronoticias.com\/index.php\/wp-json\/wp\/v2\/categories?post=22953"},{"taxonomy":"post_tag","embeddable":true,"href":"https:\/\/www.regioncuatronoticias.com\/index.php\/wp-json\/wp\/v2\/tags?post=22953"}],"curies":[{"name":"wp","href":"https:\/\/api.w.org\/{rel}","templated":true}]}}