{"id":22418,"date":"2025-01-05T22:25:59","date_gmt":"2025-01-06T05:25:59","guid":{"rendered":"https:\/\/www.regioncuatronoticias.com\/?p=22418"},"modified":"2025-01-05T22:26:02","modified_gmt":"2025-01-06T05:26:02","slug":"la-seguridad-en-mexico-no-requiere-mano-dura-dice-sheinbaum","status":"publish","type":"post","link":"https:\/\/www.regioncuatronoticias.com\/index.php\/2025\/01\/05\/la-seguridad-en-mexico-no-requiere-mano-dura-dice-sheinbaum\/","title":{"rendered":"La seguridad en M\u00e9xico no requiere \u2018mano dura\u2019 dice Sheinbaum"},"content":{"rendered":"\n<p><strong>La Jefa del Ejecutivo Federal destac\u00f3 que la seguridad en M\u00e9xico debe basarse en la honestidad y la justicia, no en la mano dura<\/strong><\/p>\n\n\n\n<p><strong>Sheinbaum recalca honestidad y justicia como pilares de la seguridad en M\u00e9xico<\/strong><\/p>\n\n\n\n<p>Informaci\u00f3n de El Imparcial<\/p>\n\n\n\n<p>Elsi V. Ventura&nbsp;<\/p>\n\n\n\n<p>Domingo 5 de enero de 202505 de enero 2025<\/p>\n\n\n\n<p>Xochitepec, Morelos.-Durante un evento en Morelos, la presidenta Claudia Sheinbaum Pardo afirm\u00f3 que la seguridad en el pa\u00eds no requiere \u201cmano dura\u201d, sino un compromiso con la honestidad y la justicia.<\/p>\n\n\n\n<p>Acompa\u00f1ada de la gobernadora de Morelos, Margarita Gonz\u00e1lez Saravia, Sheinbaum subray\u00f3 que la clave para atender este tema radica en garantizar que las instituciones de justicia y los cuerpos policiacos act\u00faen de manera \u00edntegra.<\/p>\n\n\n\n<p><strong>Justicia y tambi\u00e9n en todos los cuerpos de polic\u00eda<\/strong><\/p>\n\n\n\n<p>Mencion\u00f3 la mandataria, haciendo \u00e9nfasis en la importancia de transformar la forma en que se aborda la seguridad en M\u00e9xico.<\/p>\n\n\n\n<p><strong>Compromisos con el pueblo y resultados esperados<\/strong><\/p>\n\n\n\n<p>Sheinbaum asegur\u00f3 que su administraci\u00f3n est\u00e1 trabajando para mejorar las condiciones de seguridad tanto a nivel estatal como nacional.<\/p>\n\n\n\n<p>Reiter\u00f3 que su llegada a la presidencia fue gracias al apoyo del pueblo y no de grupos de poder, lo que, seg\u00fan sus palabras, refuerza su compromiso de rendir cuentas directamente a la ciudadan\u00eda.<\/p>\n\n\n\n<p>Lo m\u00e1s importante es no traicionar. Que se cumplan los compromisos que hicimos con el pueblo de Morelos, con el pueblo de M\u00e9xico.<\/p>\n\n\n\n<p><strong>Sheinbaum rechaz\u00f3 la \u201cmano dura\u201d<\/strong><\/p>\n\n\n\n<p>Claudia Sheinbaum rechaz\u00f3 la idea de que la seguridad en M\u00e9xico se logre a trav\u00e9s de la \u201cmano dura\u201d y enfatiz\u00f3 que el verdadero enfoque debe ser la honestidad y la justicia. Seg\u00fan la presidenta, es fundamental que las instituciones encargadas de la procuraci\u00f3n de justicia y los cuerpos de polic\u00eda act\u00faen de manera \u00edntegra y transparente, para garantizar un sistema de seguridad eficaz y confiable.<\/p>\n\n\n\n<p>Sheinbaum subray\u00f3 que la soluci\u00f3n a los problemas de inseguridad radica en un compromiso serio con la justicia, en lugar de recurrir a medidas autoritarias que no resuelven las causas profundas del crimen.<\/p>\n\n\n\n<p><strong>Elecciones de jueces y ministros de la SCJN<\/strong><\/p>\n\n\n\n<p>Un tema destacado durante el evento fue la reforma judicial que busca que, por primera vez, jueces y ministros de la Suprema Corte de Justicia de la Naci\u00f3n (SCJN) sean elegidos directamente por el pueblo.<\/p>\n\n\n\n<p>Sheinbaum destac\u00f3 que las personas seleccionadas deber\u00e1n priorizar los intereses de la ciudadan\u00eda, asegurando que el sistema judicial sea m\u00e1s representativo y cercano a las necesidades de los mexicanos.<\/p>\n\n\n\n<p><strong>Programas sociales como derechos constitucionales<\/strong><\/p>\n\n\n\n<p>La presidenta tambi\u00e9n record\u00f3 que los programas del Bienestar ya est\u00e1n reconocidos como derechos constitucionales, un cambio que busca garantizar su permanencia. Adem\u00e1s, se\u00f1al\u00f3 que los beneficiarios ahora deben ser reconocidos como derechohabientes, un t\u00e9rmino que refuerza su car\u00e1cter como derechos adquiridos.<\/p>\n\n\n\n<p>Entre los programas destacados, Sheinbaum habl\u00f3 sobre la pensi\u00f3n para personas con discapacidad en Morelos, financiada en partes iguales por el gobierno federal y estatal.<\/p>\n\n\n\n<p>Tambi\u00e9n mencion\u00f3 tres nuevos programas:<\/p>\n\n\n\n<p><strong>La pensi\u00f3n para mujeres de 60 a 64 a\u00f1os<\/strong><\/p>\n\n\n\n<p><strong>La beca para estudiantes de secundaria llamada \u2018Rita Cetina\u2019<\/strong><\/p>\n\n\n\n<p><strong>El programa de m\u00e9dicos en casa<\/strong><\/p>\n\n\n\n<p><strong>Hacia una vida digna para todos<\/strong><\/p>\n\n\n\n<p>Sheinbaum concluy\u00f3 enfatizando que el objetivo de la transformaci\u00f3n es garantizar que las personas tengan acceso a vivienda, alimentaci\u00f3n adecuada y bienestar integral. \u201cHay que avanzar m\u00e1s\u201d, se\u00f1al\u00f3, reafirmando su compromiso con la construcci\u00f3n de un M\u00e9xico m\u00e1s justo e inclusivo.<\/p>\n\n\n\n<p><a href=\"https:\/\/www.elimparcial.com\/mexico\/2025\/01\/05\/la-seguridad-en-mexico-no-requiere-mano-dura-dice-sheinbaum\">https:\/\/www.elimparcial.com\/mexico\/2025\/01\/05\/la-seguridad-en-mexico-no-requiere-mano-dura-dice-sheinbaum<\/a><\/p>\n\n\n\n<p><\/p>\n","protected":false},"excerpt":{"rendered":"<p>La Jefa del Ejecutivo Federal destac\u00f3 que la seguridad en M\u00e9xico debe basarse en la honestidad y la justicia, no en la mano dura Sheinbaum recalca honestidad y justicia como pilares de la seguridad en M\u00e9xico Informaci\u00f3n de El Imparcial Elsi V. Ventura&nbsp; Domingo 5 de enero de 202505 de enero 2025 Xochitepec, Morelos.-Durante un [&hellip;]<\/p>\n","protected":false},"author":1,"featured_media":22419,"comment_status":"open","ping_status":"open","sticky":false,"template":"","format":"standard","meta":{"content-type":"","footnotes":""},"categories":[3,105,113],"tags":[],"class_list":{"0":"post-22418","1":"post","2":"type-post","3":"status-publish","4":"format-standard","5":"has-post-thumbnail","7":"category-mexico","8":"category-principal","9":"category-seguridad"},"_links":{"self":[{"href":"https:\/\/www.regioncuatronoticias.com\/index.php\/wp-json\/wp\/v2\/posts\/22418","targetHints":{"allow":["GET"]}}],"collection":[{"href":"https:\/\/www.regioncuatronoticias.com\/index.php\/wp-json\/wp\/v2\/posts"}],"about":[{"href":"https:\/\/www.regioncuatronoticias.com\/index.php\/wp-json\/wp\/v2\/types\/post"}],"author":[{"embeddable":true,"href":"https:\/\/www.regioncuatronoticias.com\/index.php\/wp-json\/wp\/v2\/users\/1"}],"replies":[{"embeddable":true,"href":"https:\/\/www.regioncuatronoticias.com\/index.php\/wp-json\/wp\/v2\/comments?post=22418"}],"version-history":[{"count":1,"href":"https:\/\/www.regioncuatronoticias.com\/index.php\/wp-json\/wp\/v2\/posts\/22418\/revisions"}],"predecessor-version":[{"id":22420,"href":"https:\/\/www.regioncuatronoticias.com\/index.php\/wp-json\/wp\/v2\/posts\/22418\/revisions\/22420"}],"wp:featuredmedia":[{"embeddable":true,"href":"https:\/\/www.regioncuatronoticias.com\/index.php\/wp-json\/wp\/v2\/media\/22419"}],"wp:attachment":[{"href":"https:\/\/www.regioncuatronoticias.com\/index.php\/wp-json\/wp\/v2\/media?parent=22418"}],"wp:term":[{"taxonomy":"category","embeddable":true,"href":"https:\/\/www.regioncuatronoticias.com\/index.php\/wp-json\/wp\/v2\/categories?post=22418"},{"taxonomy":"post_tag","embeddable":true,"href":"https:\/\/www.regioncuatronoticias.com\/index.php\/wp-json\/wp\/v2\/tags?post=22418"}],"curies":[{"name":"wp","href":"https:\/\/api.w.org\/{rel}","templated":true}]}}