{"id":22397,"date":"2025-01-05T21:18:52","date_gmt":"2025-01-06T04:18:52","guid":{"rendered":"https:\/\/www.regioncuatronoticias.com\/?p=22397"},"modified":"2025-01-05T21:18:55","modified_gmt":"2025-01-06T04:18:55","slug":"cunde-el-optimismo-en-mexico","status":"publish","type":"post","link":"https:\/\/www.regioncuatronoticias.com\/index.php\/2025\/01\/05\/cunde-el-optimismo-en-mexico\/","title":{"rendered":"Cunde el optimismo en M\u00e9xico"},"content":{"rendered":"\n<p><strong>Columna Corren Rumores<\/strong><\/p>\n\n\n\n<p><strong>Hilario Olea<\/strong><\/p>\n\n\n\n<p><strong>Cunde el optimismo en M\u00e9xico<\/strong><\/p>\n\n\n\n<p><strong>Lunes 6 de enero de 2025<\/strong><\/p>\n\n\n\n<p><strong>DISMINUYE EL PESIMISMO&#8230; <\/strong>A pesar de los presagios, pron\u00f3sticos y profec\u00edas, muchas de ellas catastr\u00f3ficas los mexicanos consideran que tendremos un buen a\u00f1o. De acuerdo a una encuesta de El Financiero, el 87% de los entrevistados consideran que el 2025 ser\u00e1 un a\u00f1o de muy bueno a bueno.&nbsp; Contra lo que se pod\u00eda esperar,&nbsp; las expectativas optimistas de la poblaci\u00f3n aument\u00f3 en un 12% en relaci\u00f3n a como pensaban que ser\u00eda el 2024.&nbsp; Desde luego que se preguntan c\u00f3mo es posible con tantos datos negativos en temas de seguridad, incertidumbre en lo econ\u00f3mico y hasta las predicciones de cat\u00e1strofes&nbsp; la gran mayor\u00eda consideren que viviremos un buen a\u00f1o, y la respuesta es a la estructura social del pa\u00eds. El 35% de los que ven el vaso medio vac\u00edo son clase media y alta. En cambio los que ven el vaso medio lleno son clase baja en un 65%.&nbsp; Y en este sector es donde han trabajado y bien los programas de la 4T.<\/p>\n\n\n\n<p><strong>NO HABR\u00c1 CUESTA DE ENERO\u2026 <\/strong>En el terreno econ\u00f3mico, parece que la gente no considera que habr\u00e1 una dif\u00edcil cuesta de enero, porque seg\u00fan la encuesta el 66% considera que la econom\u00eda va a mejorar, esto contra solo un 9% que cree que va a empeorar o los resignados, que son un 20% que opina que la econom\u00eda nacional seguir\u00e1 igual.&nbsp; No debe extra\u00f1ar esta opini\u00f3n, porque recordar que son muchos los millones de mexicanos beneficiados con los programas del Bienestar. Incluso hay familias que reciben pensiones y becas que superan el ingreso familiar los 20 mil pesos. Esto hace que tengan desde luego, una visi\u00f3n optimista, porque no tienen que trabajar o esforzarse para conseguir la quincena. Solo estar en espera de que se les deposite los apoyos y luego a gastarlos.&nbsp; Se entiende entonces su postura.<\/p>\n\n\n\n<p><strong>TAMBI\u00c9N EN SEGURIDAD\u2026<\/strong> Donde causa extra\u00f1eza es en materia de seguridad p\u00fablica, porque el 64% consideran que la seguridad va a mejorar y solo un 11% cree que va a empeorar. El 23% opina que seguir\u00e1 igual que el a\u00f1o pasado. Estos datos son de llamar la atenci\u00f3n sobre todo porque hay estados en donde la violencia se ha ense\u00f1oreado&nbsp; y los grupos criminales imponen su ley, como pasa con Sinaloa, Guerrero, Guanajuato, Tabasco y otras entidades. Es posible que tengan la confianza puesta en que el plan contra el crimen que viene implementando Omar Garc\u00eda Herfuch si logre el prop\u00f3sito de detener a los grupos criminales del pa\u00eds. Hasta ahora han dado buenos golpes a los carteles del narco. Pero bueno, cuando menos los niveles de temor no est\u00e1n alcanzando categor\u00eda de crisis y p\u00e1nico. Veremos como pasamos este primer mes del a\u00f1o.<\/p>\n\n\n\n<p><strong>NI LA AMENAZA TRUMP\u2026 <\/strong>Llama la atenci\u00f3n de que las amenazas de Donald Trump no est\u00e9n influyendo para mal. Por el contrario, como que le creyeron eso de que tomando protesta lo primero que har\u00e1 ser\u00e1 declarar como terroristas extranjeros a los narcos que mueven droga hacia Estados Unidos, lo que impactar\u00eda directamente a los c\u00e1rteles que operan en el pa\u00eds y que ya son muchos. Incluso no est\u00e1n considerando como amenaza el operativo de deportaciones masivas de migrantes, que es obvio los mandar\u00e1n para nuestra frontera.&nbsp; Pero todo esto queda a nivel de especulaci\u00f3n, por lo que hay que esperar hasta que tome protesta este 20 de enero.<\/p>\n\n\n\n<p><strong>MONT\u00d3N AL PASO A DESNIVEL\u2026 <\/strong>De manera sorpresiva surgi\u00f3 un movimiento social que se opone a la construcci\u00f3n del paso a desnivel del&nbsp; Boulevard Colosio.&nbsp; Y ahora anuncian la clausura pac\u00edfica de la obra para este lunes desde muy temprano. Mientras no se les ocurra bloquear las rutas de acceso, la obra la pueden clausurar que ya la volver\u00e1n a abrir. Son organizaciones que de repente les entr\u00f3 un furor social contra este paso a desnivel.&nbsp; Es obvio que aqu\u00ed les ven orejas pol\u00edticas al asunto. Sobre todo porque Morena es la que encabeza la campa\u00f1a. Muchos consideran que es un tiro directo contra el alcalde Antonio Astiazar\u00e1n. Pero, bueno, as\u00ed pasa cuando se crece en las encuestas.<\/p>\n\n\n\n<p><strong>Y LOS ALIADOS\u2026 <\/strong>Otra cosa que llama la atenci\u00f3n es que los aliados del alcalde, que son los partidos del PAN, PRI y lo que sobrevive del PRD, lo han dejado m\u00e1s solo que la tortilla de arriba. Mientras que l\u00edderes, legisladores y regidores de Morena le tunden duro al To\u00f1o, sus aliados no levantan ni un dedo. No hemos visto mensajes que salgan a defenderlo y esto hace m\u00e1s sospechoso el pleito.&nbsp; Pero veremos hasta d\u00f3nde llegan este d\u00eda. Porque no creemos que aqu\u00ed termine el pleito. La maldici\u00f3n de palacio en todo su apogeo.<\/p>\n\n\n\n<p><strong>En fin, por eso recuerden lo que dec\u00eda el Cacho Ahumada, el que pega primero, puede repetir la pedrada. Sale.<\/strong><\/p>\n\n\n\n<p><strong>S\u00edganos en la cuenta de X o Twitter @hilarioolea.<\/strong><\/p>\n\n\n\n<p><strong>Pueden vernos de lunes a viernes de 8 a 9 de la noche en nuestro canal de YouTube \u201cEntre Todos Digital\u201d.<\/strong><strong>Sigan nuestras redes sociales<\/strong><\/p>\n","protected":false},"excerpt":{"rendered":"<p>Columna Corren Rumores Hilario Olea Cunde el optimismo en M\u00e9xico Lunes 6 de enero de 2025 DISMINUYE EL PESIMISMO&#8230; A pesar de los presagios, pron\u00f3sticos y profec\u00edas, muchas de ellas catastr\u00f3ficas los mexicanos consideran que tendremos un buen a\u00f1o. De acuerdo a una encuesta de El Financiero, el 87% de los entrevistados consideran que el [&hellip;]<\/p>\n","protected":false},"author":1,"featured_media":22398,"comment_status":"open","ping_status":"open","sticky":false,"template":"","format":"standard","meta":{"content-type":"","footnotes":""},"categories":[121],"tags":[],"class_list":{"0":"post-22397","1":"post","2":"type-post","3":"status-publish","4":"format-standard","5":"has-post-thumbnail","7":"category-hilarioolea"},"_links":{"self":[{"href":"https:\/\/www.regioncuatronoticias.com\/index.php\/wp-json\/wp\/v2\/posts\/22397","targetHints":{"allow":["GET"]}}],"collection":[{"href":"https:\/\/www.regioncuatronoticias.com\/index.php\/wp-json\/wp\/v2\/posts"}],"about":[{"href":"https:\/\/www.regioncuatronoticias.com\/index.php\/wp-json\/wp\/v2\/types\/post"}],"author":[{"embeddable":true,"href":"https:\/\/www.regioncuatronoticias.com\/index.php\/wp-json\/wp\/v2\/users\/1"}],"replies":[{"embeddable":true,"href":"https:\/\/www.regioncuatronoticias.com\/index.php\/wp-json\/wp\/v2\/comments?post=22397"}],"version-history":[{"count":1,"href":"https:\/\/www.regioncuatronoticias.com\/index.php\/wp-json\/wp\/v2\/posts\/22397\/revisions"}],"predecessor-version":[{"id":22399,"href":"https:\/\/www.regioncuatronoticias.com\/index.php\/wp-json\/wp\/v2\/posts\/22397\/revisions\/22399"}],"wp:featuredmedia":[{"embeddable":true,"href":"https:\/\/www.regioncuatronoticias.com\/index.php\/wp-json\/wp\/v2\/media\/22398"}],"wp:attachment":[{"href":"https:\/\/www.regioncuatronoticias.com\/index.php\/wp-json\/wp\/v2\/media?parent=22397"}],"wp:term":[{"taxonomy":"category","embeddable":true,"href":"https:\/\/www.regioncuatronoticias.com\/index.php\/wp-json\/wp\/v2\/categories?post=22397"},{"taxonomy":"post_tag","embeddable":true,"href":"https:\/\/www.regioncuatronoticias.com\/index.php\/wp-json\/wp\/v2\/tags?post=22397"}],"curies":[{"name":"wp","href":"https:\/\/api.w.org\/{rel}","templated":true}]}}