{"id":22361,"date":"2025-01-04T21:51:02","date_gmt":"2025-01-05T04:51:02","guid":{"rendered":"https:\/\/www.regioncuatronoticias.com\/?p=22361"},"modified":"2025-01-04T21:51:04","modified_gmt":"2025-01-05T04:51:04","slug":"las-cabanuelas-para-el-2025","status":"publish","type":"post","link":"https:\/\/www.regioncuatronoticias.com\/index.php\/2025\/01\/04\/las-cabanuelas-para-el-2025\/","title":{"rendered":"Las caba\u00f1uelas para el 2025"},"content":{"rendered":"\n<p><strong>Columna Corren Rumores<\/strong><\/p>\n\n\n\n<p><strong>Hilario Olea<\/strong><\/p>\n\n\n\n<p><strong>Las caba\u00f1uelas para el 2025<\/strong><\/p>\n\n\n\n<p><strong>S\u00e1bado 4 de enero de 2024<\/strong><\/p>\n\n\n\n<p><strong>MAL COMIENZA EL A\u00d1O\u2026 <\/strong>Dicen que mal empieza la semana para el que ahorcan en lunes.&nbsp; Y bueno, ayer vimos los presagios de la astr\u00f3loga cubana&nbsp; Mhoni Vidente que ven\u00edan hasta cierto punto catastr\u00f3ficos en materia del clima. Sobre todo hablando de una fuerte sequ\u00eda.&nbsp; Pues miren, para los que seguimos las caba\u00f1uelas, que ahorita les decimos como se calculan, estos tres primeros d\u00edas del a\u00f1o que corresponden a enero, febrero y marzo, muestran que habr\u00e1 sequ\u00eda, porque no ha ca\u00eddo una gota de lluvia. Malo el cuento. Si la tendencia sigue igual y Mhoni est\u00e1 en lo correcto, este fin de semana comenzar\u00e1n a subir las temperaturas.&nbsp; Per,o no adelantemos v\u00edsperas porque las cosas se pueden poner peor.<\/p>\n\n\n\n<p><strong>LAS CABA\u00d1UELAS\u2026 <\/strong>Es un viejo sistema para calcular como estar\u00e1 el clima durante el a\u00f1o. Fue implementado en la vieja Espa\u00f1a y tra\u00eddo a M\u00e9xico. Consiste en asociar el clima de los d\u00edas de enero a los meses del a\u00f1o. As\u00ed, los primeros doce meses inician con el 01 y es enero. Luego, al llegar a diciembre se regresa en sentido inverso. Y ah\u00ed se van complementando los d\u00edas que faltan. Como la pongan,&nbsp; luego de checar las caba\u00f1uelas que registramos en el 2024 no andaban tan errados, sobre todo con eso de que habr\u00eda poca lluvia. Hoy, hay pron\u00f3sticos de m\u00e1s sequ\u00edas; veremos qu\u00e9 dicen los siguientes d\u00edas. Chequen el dato y hay que irse preparando.<\/p>\n\n\n\n<p><strong>BAJ\u00d3 LA GASOLINA\u2026<\/strong> Bueno, en el pueblo dir\u00edan, ya ni la burla perdonan. Caray, c\u00f3mo est\u00e1 eso de que \u201cbaj\u00f3 la gasolina\u201d en M\u00e9xico y que no ha habido \u201cgasolinazo\u201d. Y claro, luego sacan la frase de que todo es en t\u00e9rminos reales. \u00bfCu\u00e1les son esos t\u00e9rminos? Ahora s\u00ed que \u201cchepa\u201d, pero se nota que nuestra presidenta que se anima a decir eso desde hace muchos a\u00f1os que no va a ponerle gasolina a su carrito y pagar de su bolsa.&nbsp; Todo lo que dice es el reporte que le da Profeco, y, obvio, le ponen las cosas a modo. Como quiera que sea, bueno ser\u00e1 que no se burlen, porque&nbsp; adem\u00e1s de lo que le suben al combustible, est\u00e1 lo que roban en las gasolineras.&nbsp; Y esta ma\u00f1ana no se les ha quitado.<\/p>\n\n\n\n<p><strong>LETREROS POR CAREROS\u2026<\/strong> Una buena idea de Profeco es que para este este lunes comenzar\u00e1n a balconear a las gasolineras careras. Van a checar los precios que tienen y a los que de plano se les haya pasado la mano de cochis, le van a poner lonas&nbsp; que van a decir \u201cNo cargues aqu\u00ed, se vuelan la barda con los precios\u201d. Ser\u00eda muy bueno que adem\u00e1s de denunciar los altos precios, tambi\u00e9n pusieran lonas que digan: en esta gasolinera roban que es un contento. Dan litros mochos. Digo, para estar prevenidos. Como sea, parece que el gasolinazo les ha estado pegando&nbsp; a la presidencia porque andan preocupados. Bueno, menos mal que podemos cortar una madura. Pero una cosa es que lo anuncien y otra que lo hagan. Al dar a conocer la noticia recibimos mensajes del p\u00fablico de que no cre\u00edan que se animar\u00e1n a ponerles el dedo a los gasolineros, sobre todo a los que se han mochado en las campa\u00f1as de la 4T.&nbsp; Bueno, veremos.<\/p>\n\n\n\n<p><strong>LA CUESTA DE ENERO\u2026 <\/strong>M\u00e1s que cuesta parece que nos tocar\u00e1 subir la pir\u00e1mide de Egipto y con una mochila cargada.&nbsp; Se supone que los precios de los productos y servicios deben aumentar a partir de esta semana. Pero nanay, los comerciantes nacionales aseguran que los incrementos llegaron ya desde mediados de diciembre,&nbsp; y ahora van a dobletear.&nbsp; En poco tiempo van a desaparecer el aumento del salario m\u00ednimo y no se diga lo de las pensiones de Bienestar. Tan solo la pensi\u00f3n de adultos mayores tuvo un aumento de 200 pesos bimestrales. O sea, cien pesos al mes. Como que no es para soltar campanas al vuelo.&nbsp; Pero bueno, veremos qu\u00e9 tanto es tantito y como va a quedar el tremendo panzazo.<\/p>\n\n\n\n<p><strong>BAJO FUEGO\u2026<\/strong> Veremos la pr\u00f3xima semana como le va al paso a desnivel del boulevard Colosio y Solidaridad, porque en estos d\u00edas ha estado bajo fuego. De repente a liderazgos de Morena les entr\u00f3 un furor ciudadano por defender lo que dicen son derechos de la ciudadan\u00eda.&nbsp; Obvio nadie se lo crey\u00f3. Pero bueno, la obra no se detuvo y sigue, pero todav\u00eda no ha provocado conflictos serios con los conductores. Esto lo veremos hasta el jueves 9 de enero, cuando la chamacada regrese a clases y se saturen todas las rutas.&nbsp; Pero esperemos esto no sea pie para una guerra. Veremos<\/p>\n\n\n\n<p><strong>En fin, por eso mejor recuerden lo que dec\u00eda el Panzas Botello,&nbsp; el que est\u00e9 libre de pecado, que salga corriendo. Sale.<\/strong><\/p>\n\n\n\n<p><strong>S\u00edganos en la cuenta de X o Twitter @hilarioolea.<\/strong><\/p>\n\n\n\n<p><strong>Pueden vernos de lunes a viernes de 8 a 9 de la noche en nuestro canal de YouTube \u201cEntre Todos Digital\u201d.<\/strong><\/p>\n\n\n\n<p><strong>Sigan nuestras redes sociales<\/strong><\/p>\n","protected":false},"excerpt":{"rendered":"<p>Columna Corren Rumores Hilario Olea Las caba\u00f1uelas para el 2025 S\u00e1bado 4 de enero de 2024 MAL COMIENZA EL A\u00d1O\u2026 Dicen que mal empieza la semana para el que ahorcan en lunes.&nbsp; Y bueno, ayer vimos los presagios de la astr\u00f3loga cubana&nbsp; Mhoni Vidente que ven\u00edan hasta cierto punto catastr\u00f3ficos en materia del clima. Sobre [&hellip;]<\/p>\n","protected":false},"author":1,"featured_media":22362,"comment_status":"open","ping_status":"open","sticky":false,"template":"","format":"standard","meta":{"content-type":"","footnotes":""},"categories":[121],"tags":[],"class_list":{"0":"post-22361","1":"post","2":"type-post","3":"status-publish","4":"format-standard","5":"has-post-thumbnail","7":"category-hilarioolea"},"_links":{"self":[{"href":"https:\/\/www.regioncuatronoticias.com\/index.php\/wp-json\/wp\/v2\/posts\/22361","targetHints":{"allow":["GET"]}}],"collection":[{"href":"https:\/\/www.regioncuatronoticias.com\/index.php\/wp-json\/wp\/v2\/posts"}],"about":[{"href":"https:\/\/www.regioncuatronoticias.com\/index.php\/wp-json\/wp\/v2\/types\/post"}],"author":[{"embeddable":true,"href":"https:\/\/www.regioncuatronoticias.com\/index.php\/wp-json\/wp\/v2\/users\/1"}],"replies":[{"embeddable":true,"href":"https:\/\/www.regioncuatronoticias.com\/index.php\/wp-json\/wp\/v2\/comments?post=22361"}],"version-history":[{"count":1,"href":"https:\/\/www.regioncuatronoticias.com\/index.php\/wp-json\/wp\/v2\/posts\/22361\/revisions"}],"predecessor-version":[{"id":22363,"href":"https:\/\/www.regioncuatronoticias.com\/index.php\/wp-json\/wp\/v2\/posts\/22361\/revisions\/22363"}],"wp:featuredmedia":[{"embeddable":true,"href":"https:\/\/www.regioncuatronoticias.com\/index.php\/wp-json\/wp\/v2\/media\/22362"}],"wp:attachment":[{"href":"https:\/\/www.regioncuatronoticias.com\/index.php\/wp-json\/wp\/v2\/media?parent=22361"}],"wp:term":[{"taxonomy":"category","embeddable":true,"href":"https:\/\/www.regioncuatronoticias.com\/index.php\/wp-json\/wp\/v2\/categories?post=22361"},{"taxonomy":"post_tag","embeddable":true,"href":"https:\/\/www.regioncuatronoticias.com\/index.php\/wp-json\/wp\/v2\/tags?post=22361"}],"curies":[{"name":"wp","href":"https:\/\/api.w.org\/{rel}","templated":true}]}}