{"id":22314,"date":"2025-01-02T14:07:51","date_gmt":"2025-01-02T21:07:51","guid":{"rendered":"https:\/\/www.regioncuatronoticias.com\/?p=22314"},"modified":"2025-01-02T14:07:53","modified_gmt":"2025-01-02T21:07:53","slug":"hombre-armado-mata-al-menos-a-10-personas-incluidos-dos-ninos-en-tiroteo-en-montenegro","status":"publish","type":"post","link":"https:\/\/www.regioncuatronoticias.com\/index.php\/2025\/01\/02\/hombre-armado-mata-al-menos-a-10-personas-incluidos-dos-ninos-en-tiroteo-en-montenegro\/","title":{"rendered":"Hombre armado mata al menos a 10 personas, incluidos dos ni\u00f1os, en tiroteo en Montenegro"},"content":{"rendered":"\n<p><strong>La polic\u00eda identific\u00f3 al atacante como Aco Martinovic, de 45 a\u00f1os. El hombre mat\u00f3 al due\u00f1o del bar a los hijos de \u00e9ste y a sus propios familiares<\/strong><\/p>\n\n\n\n<p>Tomado de Proceso<\/p>\n\n\n\n<p>Por AP<\/p>\n\n\n\n<p>Mi\u00e9rcoles 1 de enero de 2025<\/p>\n\n\n\n<p>PODGORICA, Montenegro (AP) \u2014 Al menos 10 personas, entre ellas dos ni\u00f1os, fueron asesinadas y cuatro m\u00e1s resultaron heridas en un tiroteo ocurrido el mi\u00e9rcoles tras una pelea en un bar en una ciudad del oeste de Montenegro, dijeron autoridades. El atacante estaba pr\u00f3fugo.<\/p>\n\n\n\n<p>La polic\u00eda identific\u00f3 al atacante como Aco Martinovic, de 45 a\u00f1os. El hombre mat\u00f3 al due\u00f1o del bar a los hijos de \u00e9ste y a sus propios familiares en la ciudad de Ceti\u00f1a, dijo el ministro del Interior, Danilo Saranovic, en una conferencia de prensa.<\/p>\n\n\n\n<p>La polic\u00eda envi\u00f3 tropas especiales a Ceti\u00f1a, a unos 30 kil\u00f3metros (18 millas) al noroeste de Podgorica, la capital, para buscar al agresor.<\/p>\n\n\n\n<p>En un comunicado, se indica que el hombre huy\u00f3 del lugar armado despu\u00e9s de abrir fuego en el bar.<\/p>\n\n\n\n<p>El presidente, Jakov Milatovic, dijo estar &#8220;conmocionado y at\u00f3nito&#8221; por la tragedia. &#8220;En lugar de alegr\u00eda festiva&#8230; hemos sido atrapados por la tristeza debida a la p\u00e9rdida de vidas inocentes&#8221;, se\u00f1al\u00f3 en la plataforma de redes sociales X.<\/p>\n\n\n\n<p>El primer ministro, Milojko Spajic, acudi\u00f3 al hospital donde se atend\u00eda a los heridos y anunci\u00f3 tres d\u00edas de luto.<\/p>\n\n\n\n<p>&#8220;Es una terrible tragedia que nos ha afectado a todos&#8221;, dijo Spajic. &#8220;Todos los equipos de polic\u00eda est\u00e1n en acci\u00f3n.&#8221;<\/p>\n\n\n\n<p>El peque\u00f1o pa\u00eds de Montenegro, que tiene unos 620 mil habitantes, es conocido por su cultura de armas, y muchas personas tradicionalmente cuentan con ellas.<\/p>\n\n\n\n<p>El tiroteo del mi\u00e9rcoles fue la segunda masacre en los \u00faltimos tres a\u00f1os en Ceti\u00f1a, la capital hist\u00f3rica de Montenegro. Un atacante tambi\u00e9n mat\u00f3 a 10 personas, incluidos dos ni\u00f1os, en agosto de 2022 antes de ser abatido por un transe\u00fante en esa ciudad.<\/p>\n\n\n\n<p>En el informe de la cadena RTCG, que public\u00f3 la foto de Martinovic en su sitio web, se indica que era conocido por su comportamiento err\u00e1tico y que hab\u00eda sido detenido en el pasado por posesi\u00f3n ilegal de armas.<\/p>\n\n\n\n<p>En el informe se se\u00f1ala que fue a su casa a buscar su arma y regres\u00f3 al bar, donde abri\u00f3 fuego y mat\u00f3 e hiri\u00f3 a varias personas. Luego fue a otro lugar donde mat\u00f3 a los hijos del due\u00f1o del bar y a una mujer, se a\u00f1ade en el informe.<\/p>\n\n\n\n<p>La polic\u00eda hizo un llamado a los residentes a permanecer tranquilos y a que se queden en sus casas, descartando un enfrentamiento entre bandas criminales.<\/p>\n\n\n\n<p><a href=\"https:\/\/www.proceso.com.mx\/internacional\/2025\/1\/1\/hombre-armado-mata-al-menos-10-personas-incluidos-dos-ninos-en-tiroteo-en-montenegro-343042.html\">https:\/\/www.proceso.com.mx\/internacional\/2025\/1\/1\/hombre-armado-mata-al-menos-10-personas-incluidos-dos-ninos-en-tiroteo-en-montenegro-343042.html<\/a><\/p>\n","protected":false},"excerpt":{"rendered":"<p>La polic\u00eda identific\u00f3 al atacante como Aco Martinovic, de 45 a\u00f1os. El hombre mat\u00f3 al due\u00f1o del bar a los hijos de \u00e9ste y a sus propios familiares Tomado de Proceso Por AP Mi\u00e9rcoles 1 de enero de 2025 PODGORICA, Montenegro (AP) \u2014 Al menos 10 personas, entre ellas dos ni\u00f1os, fueron asesinadas y cuatro [&hellip;]<\/p>\n","protected":false},"author":1,"featured_media":22315,"comment_status":"open","ping_status":"open","sticky":false,"template":"","format":"standard","meta":{"content-type":"","footnotes":""},"categories":[7,105,113],"tags":[],"class_list":{"0":"post-22314","1":"post","2":"type-post","3":"status-publish","4":"format-standard","5":"has-post-thumbnail","7":"category-internacional","8":"category-principal","9":"category-seguridad"},"_links":{"self":[{"href":"https:\/\/www.regioncuatronoticias.com\/index.php\/wp-json\/wp\/v2\/posts\/22314","targetHints":{"allow":["GET"]}}],"collection":[{"href":"https:\/\/www.regioncuatronoticias.com\/index.php\/wp-json\/wp\/v2\/posts"}],"about":[{"href":"https:\/\/www.regioncuatronoticias.com\/index.php\/wp-json\/wp\/v2\/types\/post"}],"author":[{"embeddable":true,"href":"https:\/\/www.regioncuatronoticias.com\/index.php\/wp-json\/wp\/v2\/users\/1"}],"replies":[{"embeddable":true,"href":"https:\/\/www.regioncuatronoticias.com\/index.php\/wp-json\/wp\/v2\/comments?post=22314"}],"version-history":[{"count":1,"href":"https:\/\/www.regioncuatronoticias.com\/index.php\/wp-json\/wp\/v2\/posts\/22314\/revisions"}],"predecessor-version":[{"id":22316,"href":"https:\/\/www.regioncuatronoticias.com\/index.php\/wp-json\/wp\/v2\/posts\/22314\/revisions\/22316"}],"wp:featuredmedia":[{"embeddable":true,"href":"https:\/\/www.regioncuatronoticias.com\/index.php\/wp-json\/wp\/v2\/media\/22315"}],"wp:attachment":[{"href":"https:\/\/www.regioncuatronoticias.com\/index.php\/wp-json\/wp\/v2\/media?parent=22314"}],"wp:term":[{"taxonomy":"category","embeddable":true,"href":"https:\/\/www.regioncuatronoticias.com\/index.php\/wp-json\/wp\/v2\/categories?post=22314"},{"taxonomy":"post_tag","embeddable":true,"href":"https:\/\/www.regioncuatronoticias.com\/index.php\/wp-json\/wp\/v2\/tags?post=22314"}],"curies":[{"name":"wp","href":"https:\/\/api.w.org\/{rel}","templated":true}]}}