{"id":22236,"date":"2024-12-30T19:41:35","date_gmt":"2024-12-31T02:41:35","guid":{"rendered":"https:\/\/www.regioncuatronoticias.com\/?p=22236"},"modified":"2024-12-30T19:41:37","modified_gmt":"2024-12-31T02:41:37","slug":"cae-el-dracula-presunto-lider-de-celula-del-cartel-de-sinaloa-ligado-a-los-chapitos","status":"publish","type":"post","link":"https:\/\/www.regioncuatronoticias.com\/index.php\/2024\/12\/30\/cae-el-dracula-presunto-lider-de-celula-del-cartel-de-sinaloa-ligado-a-los-chapitos\/","title":{"rendered":"Cae &#8216;El Dr\u00e1cula&#8217;, presunto l\u00edder de c\u00e9lula del C\u00e1rtel de Sinaloa ligado a Los Chapitos"},"content":{"rendered":"\n<p><strong>El hombre fue detenido durante un operativo en el municipio de Escuinapa, Sinaloa.<\/strong><\/p>\n\n\n\n<p>Tomado de Milenio<\/p>\n\n\n\n<p>Rub\u00e9n Mosso y Manuel Aceves<\/p>\n\n\n\n<p>S\u00e1bado 28 de diciembre de 2024<\/p>\n\n\n\n<p>En un operativo realizado en Escuinapa, Sinaloa, las fuerzas de seguridad detuvieron a Juan Manuel \u201cN\u201d, El Dr\u00e1cula, identificado como l\u00edder de una c\u00e9lula delictiva vinculada al C\u00e1rtel del Pac\u00edfico (Sinaloa).<\/p>\n\n\n\n<p>Junto con \u00e9l, cuatro personas m\u00e1s fueron arrestadas, adem\u00e1s de asegurar armas, narc\u00f3ticos y un inmueble.<\/p>\n\n\n\n<p><strong>\u00bfC\u00f3mo ocurri\u00f3 la detenci\u00f3n?<\/strong><\/p>\n\n\n\n<p>La operaci\u00f3n se llev\u00f3 a cabo tras labores de inteligencia que permitieron ubicar un inmueble utilizado como base de operaciones. Durante el cateo, los agentes fueron atacados, resultando un elemento herido, quien ya se encuentra fuera de peligro tras recibir atenci\u00f3n m\u00e9dica.<\/p>\n\n\n\n<p>El operativo, en el que participaron elementos de la Secretar\u00eda de la Defensa Nacional (Defensa), Marina (Semar), Guardia Nacional y la Fiscal\u00eda General de la Rep\u00fablica (FGR), asegura que se logr\u00f3 desarticular una c\u00e9lula responsable de la violencia en la regi\u00f3n.<\/p>\n\n\n\n<p>Los detenidos y lo incautado quedaron bajo custodia de la FGR, que determinar\u00e1 las acciones legales correspondientes.<\/p>\n\n\n\n<p><strong>\u00bfQui\u00e9n es El Dr\u00e1cula?<\/strong><\/p>\n\n\n\n<p>Las investigaciones arrojaron que El Dr\u00e1cula se encargaba de actividades de narcomenudeo, tr\u00e1fico de armas y equipo t\u00e1ctico, as\u00ed como del control de precios y distribuci\u00f3n de camar\u00f3n en Escuinapa. Tambi\u00e9n administraba centros de rehabilitaci\u00f3n, que presuntamente funcionaban como refugios para sicarios.<\/p>\n\n\n\n<p>Seg\u00fan autoridades del gobierno federal, Juan Manuel &#8220;N&#8221; administraba y dirig\u00eda centros de rehabilitaci\u00f3n de adicciones, en los que ocultaba a integrantes de c\u00e9lulas de sicarios en Sinaloa.<\/p>\n\n\n\n<p>De acuerdo con autoridades federales, el detenido se encontraba subordinado a Juan Francisco Villegas V\u00e9lez, El G\u00fcero Pink, jefe de plaza en Escuinapa.<\/p>\n\n\n\n<p><strong>\u00bfQu\u00e9 dijo Garc\u00eda Harfuch?<\/strong><\/p>\n\n\n\n<p>La detenci\u00f3n fue dada a conocer por Omar Garc\u00eda Harfuch, titular de la Secretar\u00eda de Seguridad y Protecci\u00f3n Ciudadana, a trav\u00e9s de su cuenta en la red social X.<\/p>\n\n\n\n<p>\u201cComo parte del seguimiento a las l\u00edneas de investigaci\u00f3n en Sinaloa, en una operaci\u00f3n encabezada por @SEDENAmx, @SEMAR_mx, @ FGRMexico, @GN_MEXICO_ y @SSPCMexico, se detuvo a Juan Manuel \u2018N\u2019, l\u00edder de una c\u00e9lula delictiva de la zona del Pac\u00edfico, junto a cuatro personas m\u00e1s. Los detenidos est\u00e1n relacionados con delitos de narcomenudeo, tr\u00e1fico de armas y violencia en el estado\u201d, escribi\u00f3.<\/p>\n\n\n\n<p><strong>\u00bfQui\u00e9nes son Los Chapitos?<\/strong><\/p>\n\n\n\n<p>La organizaci\u00f3n de Los Chapitos cuenta con al menos 5 mil hombres armados y controla el trasiego de drogas en la zona norte de Sinaloa, el poniente de Sonora y la totalidad de los estados de Nayarit, Chihuahua y Baja California Sur, seg\u00fan la Fiscal\u00eda General de la Rep\u00fablica (FGR).<\/p>\n\n\n\n<p>Tras la detenci\u00f3n de El Chapo Guzm\u00e1n en el 2016, sus cuatro hijos tomaron el control de gran parte del c\u00e1rtel de Sinaloa, como herederos del imperio de la droga que les dej\u00f3 su padre. Este grupo denominado en diferentes referencias como Los Menores, Los Chapitos o La Chapiza estar\u00eda conformado por cuatro medios hermanos, todos hijos de Joaqu\u00edn Guzm\u00e1n:<\/p>\n\n\n\n<p><strong>Iv\u00e1n Archivaldo Guzm\u00e1n Salazar.<\/strong><\/p>\n\n\n\n<p><strong>Joaqu\u00edn Guzm\u00e1n L\u00f3pez (capturado).<\/strong><\/p>\n\n\n\n<p><strong>Ovidio Guzm\u00e1n L\u00f3pez (capturado).<\/strong><\/p>\n\n\n\n<p><strong>Jes\u00fas Alfredo Guzm\u00e1n Salazar.<\/strong><\/p>\n\n\n\n<p>Los cuatro han sido identificados por el gobierno estadunidense como &#8220;prol\u00edficos narcotraficantes&#8221; dentro del c\u00e1rtel de Sinaloa.<\/p>\n\n\n\n<p>Todos, seg\u00fan las autoridades estadunidenses, &#8220;son miembros de alto rango del c\u00e1rtel de Sinaloa y cada uno est\u00e1 vinculado a una acusaci\u00f3n federal por su participaci\u00f3n en el tr\u00e1fico il\u00edcito de drogas&#8221;.<\/p>\n\n\n\n<p><a href=\"https:\/\/www.milenio.com\/policia\/detienen-a-el-dracula-lider-de-celula-del-cartel-de-sinaloa\">https:\/\/www.milenio.com\/policia\/detienen-a-el-dracula-lider-de-celula-del-cartel-de-sinaloa<\/a><\/p>\n","protected":false},"excerpt":{"rendered":"<p>El hombre fue detenido durante un operativo en el municipio de Escuinapa, Sinaloa. Tomado de Milenio Rub\u00e9n Mosso y Manuel Aceves S\u00e1bado 28 de diciembre de 2024 En un operativo realizado en Escuinapa, Sinaloa, las fuerzas de seguridad detuvieron a Juan Manuel \u201cN\u201d, El Dr\u00e1cula, identificado como l\u00edder de una c\u00e9lula delictiva vinculada al C\u00e1rtel [&hellip;]<\/p>\n","protected":false},"author":1,"featured_media":22237,"comment_status":"open","ping_status":"open","sticky":false,"template":"","format":"standard","meta":{"content-type":"","footnotes":""},"categories":[3,113],"tags":[],"class_list":{"0":"post-22236","1":"post","2":"type-post","3":"status-publish","4":"format-standard","5":"has-post-thumbnail","7":"category-mexico","8":"category-seguridad"},"_links":{"self":[{"href":"https:\/\/www.regioncuatronoticias.com\/index.php\/wp-json\/wp\/v2\/posts\/22236","targetHints":{"allow":["GET"]}}],"collection":[{"href":"https:\/\/www.regioncuatronoticias.com\/index.php\/wp-json\/wp\/v2\/posts"}],"about":[{"href":"https:\/\/www.regioncuatronoticias.com\/index.php\/wp-json\/wp\/v2\/types\/post"}],"author":[{"embeddable":true,"href":"https:\/\/www.regioncuatronoticias.com\/index.php\/wp-json\/wp\/v2\/users\/1"}],"replies":[{"embeddable":true,"href":"https:\/\/www.regioncuatronoticias.com\/index.php\/wp-json\/wp\/v2\/comments?post=22236"}],"version-history":[{"count":1,"href":"https:\/\/www.regioncuatronoticias.com\/index.php\/wp-json\/wp\/v2\/posts\/22236\/revisions"}],"predecessor-version":[{"id":22238,"href":"https:\/\/www.regioncuatronoticias.com\/index.php\/wp-json\/wp\/v2\/posts\/22236\/revisions\/22238"}],"wp:featuredmedia":[{"embeddable":true,"href":"https:\/\/www.regioncuatronoticias.com\/index.php\/wp-json\/wp\/v2\/media\/22237"}],"wp:attachment":[{"href":"https:\/\/www.regioncuatronoticias.com\/index.php\/wp-json\/wp\/v2\/media?parent=22236"}],"wp:term":[{"taxonomy":"category","embeddable":true,"href":"https:\/\/www.regioncuatronoticias.com\/index.php\/wp-json\/wp\/v2\/categories?post=22236"},{"taxonomy":"post_tag","embeddable":true,"href":"https:\/\/www.regioncuatronoticias.com\/index.php\/wp-json\/wp\/v2\/tags?post=22236"}],"curies":[{"name":"wp","href":"https:\/\/api.w.org\/{rel}","templated":true}]}}