{"id":22212,"date":"2024-12-28T23:44:31","date_gmt":"2024-12-29T06:44:31","guid":{"rendered":"https:\/\/www.regioncuatronoticias.com\/?p=22212"},"modified":"2024-12-28T23:44:33","modified_gmt":"2024-12-29T06:44:33","slug":"cae-con-amlo-48-la-ied-por-reforma-energetica","status":"publish","type":"post","link":"https:\/\/www.regioncuatronoticias.com\/index.php\/2024\/12\/28\/cae-con-amlo-48-la-ied-por-reforma-energetica\/","title":{"rendered":"Cae con AMLO 48% la IED por reforma energ\u00e9tica"},"content":{"rendered":"\n<p><strong>-La IED en sector energ\u00eda se desplom\u00f3 48.4% en el sexenio de AMLO, a 16 mil 66 millones de d\u00f3lares, seg\u00fan un an\u00e1lisis de Monitor Energ\u00e9tico<\/strong><\/p>\n\n\n\n<p>Tomado de Vanguardia<\/p>\n\n\n\n<p>Informaci\u00f3n de Reforma<\/p>\n\n\n\n<p>S\u00e1bado 28 de diciembre de 2024<\/p>\n\n\n\n<p>Las amplias expectativas en inversi\u00f3n extranjera directa (IED) derivadas de la reforma energ\u00e9tica aprobada en el 2013 se toparon con la realidad en el sexenio de Andr\u00e9s Manuel L\u00f3pez Obrador, se\u00f1al\u00f3 Jos\u00e9 \u00c1ngel Vela, director de Monitor Energ\u00e9tico.<\/p>\n\n\n\n<p>Durante la Administraci\u00f3n del ex Presidente L\u00f3pez Obrador, la IED en el sector energ\u00eda se ubic\u00f3 en 16 mil 66 millones de d\u00f3lares, de acuerdo con un an\u00e1lisis de Monitor Energ\u00e9tico, realizado con cifras de la Secretar\u00eda de Econom\u00eda federal correspondientes hasta el tercer trimestre de 2024, lo que represent\u00f3 un desplome de 48.4 por ciento con respecto a los 31 mil 142 millones reportados en el periodo comparable de Enrique Pe\u00f1a Nieto.<\/p>\n\n\n\n<p>Si bien la IED en el sexenio de Pe\u00f1a Nieto (2013-2018) captada por el sector energ\u00e9tico fue hist\u00f3rica, se esperaba que siguiera la tendencia en el siguiente sexenio, pero esta fue cortada por la imposici\u00f3n de ideolog\u00eda que perme\u00f3 en la Administraci\u00f3n pasada y que favoreci\u00f3 a las empresas estatales de energ\u00eda.<\/p>\n\n\n\n<p>Por rubro, la IED en el subsector el\u00e9ctrico con AMLO fue por 4 mil 835 millones de d\u00f3lares, lo que represent\u00f3 un descenso de 62.5 por ciento en comparaci\u00f3n con EPN; en tanto, la IED en el subsector petrolero con AMLO fue por 11 mil 230 millones, un descenso de 38.5 por ciento con respecto a la captada por el Pa\u00eds con su antecesor.<\/p>\n\n\n\n<p>&nbsp;Sin embargo, el \u201cpeso\u201d de la IED energ\u00e9tica dentro de los recursos recibidos por el Pa\u00eds de todos los sectores, cay\u00f3 de representar 14.6 por ciento con EPN a solo 7.8 por ciento con AMLO, apenas dos puntos porcentuales por encima del sexenio de Felipe Calder\u00f3n.<\/p>\n\n\n\n<p>Cabe destacar que no todo fue negativo con el primer sexenio de la autodenominada Cuarta Transformaci\u00f3n, ya que, en rubros como la extracci\u00f3n de petr\u00f3leo y gas, adem\u00e1s del comercio al por menor de combustibles, aceites y grasas lubricantes (estaciones de servicio) alcanzaron niveles sin precedente.<\/p>\n\n\n\n<p>En el caso de la extracci\u00f3n de hidrocarburos, la IED recibida con AMLO lleg\u00f3 a 4 mil 775 millones de d\u00f3lares, lo que represent\u00f3 un incremento de 27.9 por ciento contra su antecesor y en el caso de las gasolineras sum\u00f3 352 millones cuando con EPN y Calder\u00f3n fue pr\u00e1cticamente inexistente.<\/p>\n\n\n\n<p><a href=\"https:\/\/vanguardia.com.mx\/noticias\/mexico\/cae-con-amlo-48-la-ied-por-reforma-energetica-MA14508422\">https:\/\/vanguardia.com.mx\/noticias\/mexico\/cae-con-amlo-48-la-ied-por-reforma-energetica-MA14508422<\/a><\/p>\n\n\n\n<p><\/p>\n","protected":false},"excerpt":{"rendered":"<p>-La IED en sector energ\u00eda se desplom\u00f3 48.4% en el sexenio de AMLO, a 16 mil 66 millones de d\u00f3lares, seg\u00fan un an\u00e1lisis de Monitor Energ\u00e9tico Tomado de Vanguardia Informaci\u00f3n de Reforma S\u00e1bado 28 de diciembre de 2024 Las amplias expectativas en inversi\u00f3n extranjera directa (IED) derivadas de la reforma energ\u00e9tica aprobada en el 2013 [&hellip;]<\/p>\n","protected":false},"author":1,"featured_media":22213,"comment_status":"open","ping_status":"open","sticky":false,"template":"","format":"standard","meta":{"content-type":"","footnotes":""},"categories":[114,3,105],"tags":[],"class_list":{"0":"post-22212","1":"post","2":"type-post","3":"status-publish","4":"format-standard","5":"has-post-thumbnail","7":"category-economia","8":"category-mexico","9":"category-principal"},"_links":{"self":[{"href":"https:\/\/www.regioncuatronoticias.com\/index.php\/wp-json\/wp\/v2\/posts\/22212","targetHints":{"allow":["GET"]}}],"collection":[{"href":"https:\/\/www.regioncuatronoticias.com\/index.php\/wp-json\/wp\/v2\/posts"}],"about":[{"href":"https:\/\/www.regioncuatronoticias.com\/index.php\/wp-json\/wp\/v2\/types\/post"}],"author":[{"embeddable":true,"href":"https:\/\/www.regioncuatronoticias.com\/index.php\/wp-json\/wp\/v2\/users\/1"}],"replies":[{"embeddable":true,"href":"https:\/\/www.regioncuatronoticias.com\/index.php\/wp-json\/wp\/v2\/comments?post=22212"}],"version-history":[{"count":1,"href":"https:\/\/www.regioncuatronoticias.com\/index.php\/wp-json\/wp\/v2\/posts\/22212\/revisions"}],"predecessor-version":[{"id":22214,"href":"https:\/\/www.regioncuatronoticias.com\/index.php\/wp-json\/wp\/v2\/posts\/22212\/revisions\/22214"}],"wp:featuredmedia":[{"embeddable":true,"href":"https:\/\/www.regioncuatronoticias.com\/index.php\/wp-json\/wp\/v2\/media\/22213"}],"wp:attachment":[{"href":"https:\/\/www.regioncuatronoticias.com\/index.php\/wp-json\/wp\/v2\/media?parent=22212"}],"wp:term":[{"taxonomy":"category","embeddable":true,"href":"https:\/\/www.regioncuatronoticias.com\/index.php\/wp-json\/wp\/v2\/categories?post=22212"},{"taxonomy":"post_tag","embeddable":true,"href":"https:\/\/www.regioncuatronoticias.com\/index.php\/wp-json\/wp\/v2\/tags?post=22212"}],"curies":[{"name":"wp","href":"https:\/\/api.w.org\/{rel}","templated":true}]}}