{"id":22190,"date":"2024-12-28T23:18:32","date_gmt":"2024-12-29T06:18:32","guid":{"rendered":"https:\/\/www.regioncuatronoticias.com\/?p=22190"},"modified":"2024-12-28T23:22:22","modified_gmt":"2024-12-29T06:22:22","slug":"forestaran-el-proyecto-paso-a-desnivel-colosio-solidaridad-con-4-mil-especies-de-plantas-nativas","status":"publish","type":"post","link":"https:\/\/www.regioncuatronoticias.com\/index.php\/2024\/12\/28\/forestaran-el-proyecto-paso-a-desnivel-colosio-solidaridad-con-4-mil-especies-de-plantas-nativas\/","title":{"rendered":"Forestar\u00e1n el proyecto Paso a Desnivel Colosio-Solidaridad con 4 mil especies de plantas nativas"},"content":{"rendered":"\n<p>Hermosillo, Sonora, 28 de diciembre, 2024. El proyecto integral de paso desnivel de Colosio y Solidaridad contar\u00e1 con forestaci\u00f3n de \u00e1rboles nativos de la regi\u00f3n en camellones y arriates.<\/p>\n\n\n\n<p>La Coordinaci\u00f3n de Infraestructura, Desarrollo Urbano y Ecolog\u00eda, CIDUE, contempla la plantaci\u00f3n de m\u00e1s de 3 mil 900 especies de \u00e1rboles y arbustos como Mezquites, Palo Verde, Palmeras, Tabach\u00edn del Desierto, Zacat\u00f3n Yucca, Ipomeas, Laurel Enano Fucsia y Rosa, as\u00ed como lantana amarilla y morada.<\/p>\n\n\n\n<p>El proyecto integral de paso desnivel Colosio y Solidaridad anunciado por el presidente municipal Antonio Astiazar\u00e1n Guti\u00e9rrez inicia el 2 de enero de 2025 y tendr\u00e1 una duraci\u00f3n de 14 meses para beneficio de miles de automovilistas que circulan diariamente por la intersecci\u00f3n.<\/p>\n\n\n\n<p>En arriates, camellones de espacio reducido se plantar\u00e1n arbustos y cubre suelos como lantana amarilla y morada, laurel enano fucsia y rosa e ipomeas adem\u00e1s se contempla la forestaci\u00f3n de m\u00e1s de 500 metros de camellones y arriates.<\/p>\n\n\n\n<p>Para la conservaci\u00f3n de las especies se instalar\u00e1 un sistema de riego de las \u00e1reas verdes, mismo que actualmente no existe.<\/p>\n","protected":false},"excerpt":{"rendered":"<p>Hermosillo, Sonora, 28 de diciembre, 2024. El proyecto integral de paso desnivel de Colosio y Solidaridad contar\u00e1 con forestaci\u00f3n de \u00e1rboles nativos de la regi\u00f3n en camellones y arriates. La Coordinaci\u00f3n de Infraestructura, Desarrollo Urbano y Ecolog\u00eda, CIDUE, contempla la plantaci\u00f3n de m\u00e1s de 3 mil 900 especies de \u00e1rboles y arbustos como Mezquites, Palo [&hellip;]<\/p>\n","protected":false},"author":1,"featured_media":22191,"comment_status":"open","ping_status":"open","sticky":false,"template":"","format":"standard","meta":{"content-type":"","footnotes":""},"categories":[8],"tags":[],"class_list":{"0":"post-22190","1":"post","2":"type-post","3":"status-publish","4":"format-standard","5":"has-post-thumbnail","7":"category-hermosillo"},"_links":{"self":[{"href":"https:\/\/www.regioncuatronoticias.com\/index.php\/wp-json\/wp\/v2\/posts\/22190","targetHints":{"allow":["GET"]}}],"collection":[{"href":"https:\/\/www.regioncuatronoticias.com\/index.php\/wp-json\/wp\/v2\/posts"}],"about":[{"href":"https:\/\/www.regioncuatronoticias.com\/index.php\/wp-json\/wp\/v2\/types\/post"}],"author":[{"embeddable":true,"href":"https:\/\/www.regioncuatronoticias.com\/index.php\/wp-json\/wp\/v2\/users\/1"}],"replies":[{"embeddable":true,"href":"https:\/\/www.regioncuatronoticias.com\/index.php\/wp-json\/wp\/v2\/comments?post=22190"}],"version-history":[{"count":1,"href":"https:\/\/www.regioncuatronoticias.com\/index.php\/wp-json\/wp\/v2\/posts\/22190\/revisions"}],"predecessor-version":[{"id":22192,"href":"https:\/\/www.regioncuatronoticias.com\/index.php\/wp-json\/wp\/v2\/posts\/22190\/revisions\/22192"}],"wp:featuredmedia":[{"embeddable":true,"href":"https:\/\/www.regioncuatronoticias.com\/index.php\/wp-json\/wp\/v2\/media\/22191"}],"wp:attachment":[{"href":"https:\/\/www.regioncuatronoticias.com\/index.php\/wp-json\/wp\/v2\/media?parent=22190"}],"wp:term":[{"taxonomy":"category","embeddable":true,"href":"https:\/\/www.regioncuatronoticias.com\/index.php\/wp-json\/wp\/v2\/categories?post=22190"},{"taxonomy":"post_tag","embeddable":true,"href":"https:\/\/www.regioncuatronoticias.com\/index.php\/wp-json\/wp\/v2\/tags?post=22190"}],"curies":[{"name":"wp","href":"https:\/\/api.w.org\/{rel}","templated":true}]}}