{"id":22159,"date":"2024-12-26T22:27:15","date_gmt":"2024-12-27T05:27:15","guid":{"rendered":"https:\/\/www.regioncuatronoticias.com\/?p=22159"},"modified":"2024-12-26T22:27:17","modified_gmt":"2024-12-27T05:27:17","slug":"quisieron-hacer-un-albazo-pero-no-va-a-proceder-sheinbaum-sobre-concesiones-del-ift","status":"publish","type":"post","link":"https:\/\/www.regioncuatronoticias.com\/index.php\/2024\/12\/26\/quisieron-hacer-un-albazo-pero-no-va-a-proceder-sheinbaum-sobre-concesiones-del-ift\/","title":{"rendered":"\u201cQuisieron hacer un albazo, pero no va a proceder\u201d: Sheinbaum sobre concesiones del IFT"},"content":{"rendered":"\n<p><strong>La mandataria federal habl\u00f3 del tema al exponer la publicaci\u00f3n del cambio constitucional de organismos aut\u00f3nomos, \u201cque se dejaron venir toda clase de no dir\u00eda cr\u00edticas sino mentiras relacionado con todos estos temas\u201d.<\/strong><\/p>\n\n\n\n<p>Tomado de Proceso<\/p>\n\n\n\n<p>Dalila Escobar<\/p>\n\n\n\n<p>Jueves 26 de diciembre de 2024<\/p>\n\n\n\n<p>CIUDAD DE M\u00c9XICO (apro).- Antes de ser eliminado, el Instituto Federal de Telecomunicaciones (IFT) le \u201cregal\u00f3\u201d al gobierno federal el otorgamiento de concesiones que podr\u00edan ser irregulares, por lo que las echar\u00e1 abajo.<\/p>\n\n\n\n<p>\u201cEl IFT nos regal\u00f3 unas cuantas concesiones antes de cerrar, que se va a echar para atr\u00e1s eso, ya lo vamos a presentar aqu\u00ed\u201d, afirm\u00f3 la presidenta Claudia Sheinbaum.<\/p>\n\n\n\n<p>Agreg\u00f3 que la finalidad fue \u201cseguir, quisieron hacer un albazo, pero no va a proceder, ya vamos a explicar lo que hicieron\u201d.<\/p>\n\n\n\n<p>La mandataria federal habl\u00f3 del tema al exponer la publicaci\u00f3n del cambio constitucional de organismos aut\u00f3nomos, \u201cque se dejaron venir toda clase de no dir\u00eda cr\u00edticas sino mentiras relacionado con todos estos temas\u201d.<\/p>\n\n\n\n<p>En el caso del Instituto Federal de Telecomunicaciones y la Comisi\u00f3n Federal de Competencia Econ\u00f3mica (Cofece) se crear\u00e1 un organismo descentralizado cuya cabeza de sector es Econom\u00eda y su objetivo central es evitar mayor concentraci\u00f3n de servicios y producci\u00f3n de bienes.<\/p>\n\n\n\n<p>\u201cEs decir, es un organismo cuya funci\u00f3n esencial es disminuir los monopolios -que no cumpli\u00f3 con esa funci\u00f3n ni el IFT ni Cofece- mucho m\u00e1s peque\u00f1o, que no tiene las grandes erogaciones que ten\u00edan en el pasado y que va a cumplir con su funci\u00f3n\u201d.<\/p>\n\n\n\n<p>A diferencia del pasado cuando, dijo, \u201clo \u00fanico que quer\u00edan era evitar el monopolio de las empresas p\u00fablicas, hoy recupera CFE y Pemex su caracter\u00edstica de que no son monopolios por ser empresas p\u00fablicas en el 28 Constitucional\u201d.<\/p>\n\n\n\n<p>Expuso que en el caso del INAI se abrir\u00e1 una \u00e1rea especial en la Secretar\u00eda de Anticorrupci\u00f3n y Buen Gobierno que dar\u00e1 lo que se requiere para la transparencia, adem\u00e1s de que \u00e9sta se va a fortalecer.<\/p>\n\n\n\n<p>Detall\u00f3, por ejemplo, que en el caso de la Comisi\u00f3n Reguladora de Energ\u00eda (CRE), \u201cque realmente con muchos problemas hoy pasa a ser de la Secretar\u00eda de Energ\u00eda. Un \u00f3rgano desconcentrado que va a tener a su cargo los permisos y viene una ley secundaria para poderlo garantizar\u201d.<\/p>\n\n\n\n<p>La jefa del Ejecutivo Federal aprovech\u00f3 para comentar los se\u00f1alamientos sobre un autoritarismo por la eliminaci\u00f3n de los organismos aut\u00f3nomos.<\/p>\n\n\n\n<p>\u201cSe ha estado planteando que el autoritarismo ya lleg\u00f3 al pa\u00eds por haber desaparecido los \u00f3rganos aut\u00f3nomos, falso, absolutamente falso, si fu\u00e9ramos un gobierno autoritario, no habr\u00eda ni libertad de expresi\u00f3n ni de reuni\u00f3n ni libertad de manifestaci\u00f3n y hoy hay grandes libertades en nuestro pa\u00eds\u201d.<\/p>\n\n\n\n<p><a href=\"https:\/\/www.proceso.com.mx\/nacional\/2024\/12\/26\/quisieron-hacer-un-albazo-pero-no-va-proceder-sheinbaum-sobre-concesiones-del-ift-342738.html\">https:\/\/www.proceso.com.mx\/nacional\/2024\/12\/26\/quisieron-hacer-un-albazo-pero-no-va-proceder-sheinbaum-sobre-concesiones-del-ift-342738.html<\/a><\/p>\n","protected":false},"excerpt":{"rendered":"<p>La mandataria federal habl\u00f3 del tema al exponer la publicaci\u00f3n del cambio constitucional de organismos aut\u00f3nomos, \u201cque se dejaron venir toda clase de no dir\u00eda cr\u00edticas sino mentiras relacionado con todos estos temas\u201d. Tomado de Proceso Dalila Escobar Jueves 26 de diciembre de 2024 CIUDAD DE M\u00c9XICO (apro).- Antes de ser eliminado, el Instituto Federal [&hellip;]<\/p>\n","protected":false},"author":1,"featured_media":22160,"comment_status":"open","ping_status":"open","sticky":false,"template":"","format":"standard","meta":{"content-type":"","footnotes":""},"categories":[3,115,105],"tags":[],"class_list":{"0":"post-22159","1":"post","2":"type-post","3":"status-publish","4":"format-standard","5":"has-post-thumbnail","7":"category-mexico","8":"category-politica","9":"category-principal"},"_links":{"self":[{"href":"https:\/\/www.regioncuatronoticias.com\/index.php\/wp-json\/wp\/v2\/posts\/22159","targetHints":{"allow":["GET"]}}],"collection":[{"href":"https:\/\/www.regioncuatronoticias.com\/index.php\/wp-json\/wp\/v2\/posts"}],"about":[{"href":"https:\/\/www.regioncuatronoticias.com\/index.php\/wp-json\/wp\/v2\/types\/post"}],"author":[{"embeddable":true,"href":"https:\/\/www.regioncuatronoticias.com\/index.php\/wp-json\/wp\/v2\/users\/1"}],"replies":[{"embeddable":true,"href":"https:\/\/www.regioncuatronoticias.com\/index.php\/wp-json\/wp\/v2\/comments?post=22159"}],"version-history":[{"count":1,"href":"https:\/\/www.regioncuatronoticias.com\/index.php\/wp-json\/wp\/v2\/posts\/22159\/revisions"}],"predecessor-version":[{"id":22161,"href":"https:\/\/www.regioncuatronoticias.com\/index.php\/wp-json\/wp\/v2\/posts\/22159\/revisions\/22161"}],"wp:featuredmedia":[{"embeddable":true,"href":"https:\/\/www.regioncuatronoticias.com\/index.php\/wp-json\/wp\/v2\/media\/22160"}],"wp:attachment":[{"href":"https:\/\/www.regioncuatronoticias.com\/index.php\/wp-json\/wp\/v2\/media?parent=22159"}],"wp:term":[{"taxonomy":"category","embeddable":true,"href":"https:\/\/www.regioncuatronoticias.com\/index.php\/wp-json\/wp\/v2\/categories?post=22159"},{"taxonomy":"post_tag","embeddable":true,"href":"https:\/\/www.regioncuatronoticias.com\/index.php\/wp-json\/wp\/v2\/tags?post=22159"}],"curies":[{"name":"wp","href":"https:\/\/api.w.org\/{rel}","templated":true}]}}