{"id":22080,"date":"2024-12-22T21:18:13","date_gmt":"2024-12-23T04:18:13","guid":{"rendered":"https:\/\/www.regioncuatronoticias.com\/?p=22080"},"modified":"2024-12-22T21:18:15","modified_gmt":"2024-12-23T04:18:15","slug":"la-ultima-y-nos-vamos","status":"publish","type":"post","link":"https:\/\/www.regioncuatronoticias.com\/index.php\/2024\/12\/22\/la-ultima-y-nos-vamos\/","title":{"rendered":"La \u00faltima y nos vamos"},"content":{"rendered":"\n<p><strong>Columna Olor a Dinero<\/strong><\/p>\n\n\n\n<p><strong>Feliciano J. Espriella<\/strong><\/p>\n\n\n\n<p><strong>La \u00faltima y nos vamos<\/strong><\/p>\n\n\n\n<p><strong>Lunes 23 de diciembre de 2024<\/strong><\/p>\n\n\n\n<p>\u201cEsta es la \u00faltima y nos vamos\u201d canta en una popular canci\u00f3n que lleva ese mismo t\u00edtulo Alejandro Fern\u00e1ndez, \u201cEl potrillo\u201d, la cual en esta ocasi\u00f3n me permito &nbsp;plagiarle para cabecear mi \u00faltima columna de este 2024.<\/p>\n\n\n\n<p>Debido a una emergencia que me oblig\u00f3 a viajar al extranjero, interrump\u00ed temporalmente la producci\u00f3n de este espacio y el env\u00edo diario de audios de columnas. Como la mayor\u00eda de los amigos colegas columnistas tambi\u00e9n se tomaron un receso y disfrutan de un merecido descanso, espero en Dios poder reanudar actividades a partir del pr\u00f3ximo seis de enero.<\/p>\n\n\n\n<p>Concluye un a\u00f1o m\u00e1s en el que compart\u00ed opiniones, ideas y reflexiones. Quiero expresar mi profundo agradecimiento por su paciencia y amabilidad al leer y escuchar mis columnas durante este 2024. Su inter\u00e9s y apertura han enriquecido enormemente este espacio. Cada lectura, cada comentario (a\u00fan los adversos que no suelen ser pocos), han sido un valioso est\u00edmulo. Gracias por ser parte de este intercambio, por darme la oportunidad de crecer a trav\u00e9s de las palabras. Espero seguir contando con su acompa\u00f1amiento en el futuro.<\/p>\n\n\n\n<p>Mi actividad period\u00edstica se centra en el periodismo de opini\u00f3n. Esto implica expresar mis perspectivas, an\u00e1lisis y conclusiones sobre diversos temas, siempre en coherencia con mis valores y convicciones. Entiendo que la opini\u00f3n es subjetiva y, por lo tanto, susceptible a la diversidad de interpretaciones.<\/p>\n\n\n\n<p>Agradezco profundamente a quienes encuentran valor en mis reflexiones y comparten mis puntos de vista. Su apoyo es un est\u00edmulo constante para seguir ejerciendo esta labor con responsabilidad y compromiso.<\/p>\n\n\n\n<p>Asimismo, manifiesto mi absoluto respeto hacia aquellos que sostienen ideas diferentes a las m\u00edas. Considero que la pluralidad de voces es esencial para un debate p\u00fablico sano y constructivo. La discrepancia no debe ser motivo de confrontaci\u00f3n, sino una oportunidad para el intercambio de ideas y el enriquecimiento mutuo. Creo firmemente en el valor del di\u00e1logo respetuoso como herramienta para construir una sociedad m\u00e1s informada y tolerante.<\/p>\n\n\n\n<p>A pocos d\u00edas de iniciar un nuevo a\u00f1o, el horizonte se presenta con desaf\u00edos, pero tambi\u00e9n con la promesa de oportunidades. Los riesgos que se avizoran nos invitan a la reflexi\u00f3n y a la preparaci\u00f3n. Sin embargo, en cada reto reside la posibilidad de crecer, aprender y transformarnos. El nuevo a\u00f1o nos brinda un lienzo en blanco para construir un futuro mejor, aprovechando las oportunidades que sin duda surgir\u00e1n.<\/p>\n\n\n\n<p>Existe la preocupaci\u00f3n latente de que el arribo de Donald Trump a la presidencia de la Rep\u00fablica de Estados Unidos nos provoque dificultades econ\u00f3micas significativas. Lo cu\u00e1l puede ser o no verdad; sin embargo, quienes ya tenemos seis o m\u00e1s d\u00e9cadas en este mundo, vivimos y padecimos verdaderas crisis econ\u00f3micas frente a las cuales palidece todo lo peor que pudieran acarrearnos las amenazas de Trump si es que llegar a cumplirlas.<\/p>\n\n\n\n<p>El mexicano es un pueblo verdaderamente resiliente. Somos portadores de una resiliencia forjada a trav\u00e9s de crisis pasadas como las de 1976, 1982 y 1994. Dichas experiencias, aunque muy dolorosas, nos han dotado de una capacidad \u00fanica para superar la adversidad, a diferencia de los norteamericanos, quienes, con excepci\u00f3n de la crisis de los a\u00f1os 30 del siglo pasado, han vivido de manera bastante confortable y sin muchas penurias.<\/p>\n\n\n\n<p>Y esto lo sabe Trump, como sabe que los conflictos econ\u00f3micos que nos pudiera ocasionar tendr\u00e1n tambi\u00e9n repercusiones en su electorado. Aunque seguramente las repercusiones negativas ser\u00edan de mayor intensidad para nosotros, estamos mejor preparados para afrontarlas. Los famosos aranceles significar\u00edan tambi\u00e9n algo as\u00ed como darse un balazo en el pie para el desquiciado pr\u00f3ximo presidente norteamericano.<\/p>\n\n\n\n<p>Debemos ser cautelosos, s\u00ed, pero con la convicci\u00f3n de que, una vez m\u00e1s, encontraremos la manera de salir adelante. La experiencia acumulada nos brinda herramientas para adaptarnos y buscar soluciones, confiando en nuestra capacidad de recuperaci\u00f3n.<\/p>\n\n\n\n<p>Finalmente, les deseo una Navidad llena de alegr\u00eda y paz, rodeados del cari\u00f1o de sus seres queridos. Que el pr\u00f3ximo a\u00f1o le traiga salud, bienestar y prosperidad a cada miembro de su familia. Mis mejores deseos para estas fiestas y un venturoso a\u00f1o nuevo.<\/p>\n\n\n\n<p>\u00a1UN FUERTE ABRAZO!!!!<\/p>\n\n\n\n<p>Por hoy fue todo. Gracias por su tolerancia y hasta el a\u00f1o pr\u00f3ximo.<\/p>\n\n\n\n<p><strong>Twitter: @fjespriella<\/strong><\/p>\n\n\n\n<p><strong>Correo: felicianoespriella@gmail.com<\/strong><\/p>\n","protected":false},"excerpt":{"rendered":"<p>Columna Olor a Dinero Feliciano J. Espriella La \u00faltima y nos vamos Lunes 23 de diciembre de 2024 \u201cEsta es la \u00faltima y nos vamos\u201d canta en una popular canci\u00f3n que lleva ese mismo t\u00edtulo Alejandro Fern\u00e1ndez, \u201cEl potrillo\u201d, la cual en esta ocasi\u00f3n me permito &nbsp;plagiarle para cabecear mi \u00faltima columna de este 2024. [&hellip;]<\/p>\n","protected":false},"author":1,"featured_media":22081,"comment_status":"open","ping_status":"open","sticky":false,"template":"","format":"standard","meta":{"content-type":"","footnotes":""},"categories":[127],"tags":[],"class_list":{"0":"post-22080","1":"post","2":"type-post","3":"status-publish","4":"format-standard","5":"has-post-thumbnail","7":"category-olor-a-dinero"},"_links":{"self":[{"href":"https:\/\/www.regioncuatronoticias.com\/index.php\/wp-json\/wp\/v2\/posts\/22080","targetHints":{"allow":["GET"]}}],"collection":[{"href":"https:\/\/www.regioncuatronoticias.com\/index.php\/wp-json\/wp\/v2\/posts"}],"about":[{"href":"https:\/\/www.regioncuatronoticias.com\/index.php\/wp-json\/wp\/v2\/types\/post"}],"author":[{"embeddable":true,"href":"https:\/\/www.regioncuatronoticias.com\/index.php\/wp-json\/wp\/v2\/users\/1"}],"replies":[{"embeddable":true,"href":"https:\/\/www.regioncuatronoticias.com\/index.php\/wp-json\/wp\/v2\/comments?post=22080"}],"version-history":[{"count":1,"href":"https:\/\/www.regioncuatronoticias.com\/index.php\/wp-json\/wp\/v2\/posts\/22080\/revisions"}],"predecessor-version":[{"id":22082,"href":"https:\/\/www.regioncuatronoticias.com\/index.php\/wp-json\/wp\/v2\/posts\/22080\/revisions\/22082"}],"wp:featuredmedia":[{"embeddable":true,"href":"https:\/\/www.regioncuatronoticias.com\/index.php\/wp-json\/wp\/v2\/media\/22081"}],"wp:attachment":[{"href":"https:\/\/www.regioncuatronoticias.com\/index.php\/wp-json\/wp\/v2\/media?parent=22080"}],"wp:term":[{"taxonomy":"category","embeddable":true,"href":"https:\/\/www.regioncuatronoticias.com\/index.php\/wp-json\/wp\/v2\/categories?post=22080"},{"taxonomy":"post_tag","embeddable":true,"href":"https:\/\/www.regioncuatronoticias.com\/index.php\/wp-json\/wp\/v2\/tags?post=22080"}],"curies":[{"name":"wp","href":"https:\/\/api.w.org\/{rel}","templated":true}]}}