{"id":22074,"date":"2024-12-22T13:05:22","date_gmt":"2024-12-22T20:05:22","guid":{"rendered":"https:\/\/www.regioncuatronoticias.com\/?p=22074"},"modified":"2024-12-22T13:05:26","modified_gmt":"2024-12-22T20:05:26","slug":"renuncia-general-gerardo-merida-a-secretaria-de-seguridad-de-sinaloa-lo-suple-otro-militar","status":"publish","type":"post","link":"https:\/\/www.regioncuatronoticias.com\/index.php\/2024\/12\/22\/renuncia-general-gerardo-merida-a-secretaria-de-seguridad-de-sinaloa-lo-suple-otro-militar\/","title":{"rendered":"Renuncia General Gerardo M\u00e9rida a Secretar\u00eda de Seguridad de Sinaloa; lo suple otro militar"},"content":{"rendered":"\n<p><strong>-El general en activo, DEM, \u00d3scar Renter\u00eda Schazarino rindi\u00f3 protesta como nuevo encargado de la seguridad en la entidad<\/strong><\/p>\n\n\n\n<p><strong>-La violencia en dicha entidad se ha exacerbado tras la captura de Ismael \u2018El Mayo\u2019 Zambada y de Joaqu\u00edn Guzm\u00e1n L\u00f3pez.<\/strong><\/p>\n\n\n\n<p>Tomado de El Financiero<\/p>\n\n\n\n<p>Carlos Vel\u00e1zquez Mart\u00ednez\/ Corresponsal<\/p>\n\n\n\n<p>S\u00e1bado 21 de diciembre de 2024<\/p>\n\n\n\n<p>El secretario de Seguridad de Sinaloa, Gerardo M\u00e9rida, renunci\u00f3 este s\u00e1bado a su cargo en medio de la ola de violencia que se vive en la entidad por enfrentamientos entre grupos criminales desde hace m\u00e1s de tres meses.<\/p>\n\n\n\n<p>La violencia en Sinaloa se ha exacerbado tras la captura de Ismael \u2018El Mayo\u2019 Zambada y de Joaqu\u00edn Guzm\u00e1n L\u00f3pez, uno de los hijos de \u2018El Chapo\u2019, por autoridades de Estados Unidos a finales de julio pasado, violencia que ha sido una constante desde entonces.<\/p>\n\n\n\n<p><strong>\u00bfPor qu\u00e9 renunci\u00f3 el secretario de Seguridad?<\/strong><\/p>\n\n\n\n<p>A 104 d\u00edas de confrontaci\u00f3n entre grupos criminales en Sinaloa, este s\u00e1bado se anunci\u00f3 el relevo en la Secretar\u00eda de Seguridad P\u00fablica del Estado. Nombran al general en activo \u00d3scar Renter\u00eda Schazarino, en sustituci\u00f3n del general Gerardo M\u00e9rida S\u00e1nchez.<\/p>\n\n\n\n<p>El relevo ocurre en medio de la situaci\u00f3n de violencia que ha ocasionado m\u00e1s de 500 homicidios, mil 300 robos de veh\u00edculos y 55 privaciones de la libertad, luego de que el 25 de julio de 2024, fue extra\u00eddo del pa\u00eds, el capo del narcotr\u00e1fico, Ismael \u201cMayo\u201d Zambada Garc\u00eda.<\/p>\n\n\n\n<p>A partir de entonces los grupos criminales entraron en confrontaci\u00f3n desde el 9 de septiembre ejecutando hombres civiles en plena ciudad de Culiac\u00e1n y luego se extendieron a otros municipios de Sinaloa, como Navolato, Elota, Mazatl\u00e0n, Cosal\u00e0, Concordia y San Ignacio.<\/p>\n\n\n\n<p>El general M\u00e9rida S\u00e1nchez hab\u00eda sido nombrado titular de la SPP en septiembre de 2023. Lleg\u00f3 procedente del estado de Michoac\u00e1n y durante su estancia en Sinaloa, enfrent\u00f3 la situaci\u00f3n de violencia que generan los llamados \u2018Los Chapitos\u2019 (hijos de Joaqu\u00edn Chapo Guzman) contra Los Mayitos (hijos de Ismael Mayo Zambada).<\/p>\n\n\n\n<p><strong>Toma protesta el suplente del secretario de Seguridad de Sinaloa<\/strong><\/p>\n\n\n\n<p>El general en activo, diplomado del Estado Mayor, \u00d3scar Renter\u00eda Schazarino rindi\u00f3 protesta como nuevo encargado de la seguridad en Sinaloa.<\/p>\n\n\n\n<p>Proviene de la comandancia de la 43\/a Zona Militar con sede en Apatzing\u00e1n, Michoac\u00e1n, en donde realiz\u00f3 operativo contra la delincuencia que extorsionaba a productores de lim\u00f3n.<\/p>\n\n\n\n<p>Estos cambios forman parte de la pol\u00edtica de rotaci\u00f3n del personal militar, con la finalidad de que los mandos de las diversas jerarqu\u00edas ocupen diferentes cargos durante su trayectoria militar, inform\u00f3 la Secretar\u00eda de la Defensa Nacional.<\/p>\n\n\n\n<p>Se inform\u00f3 que la toma de protesta del nuevo secretario de Seguridad P\u00fablica de Sinaloa se realiz\u00f3 en las instalaciones de la Novena Zona Militar a las 14 horas, tiempo del Pac\u00edfico, con la presencia de mandos militares del Ej\u00e9rcito, la Fuerza A\u00e9rea y la Guardia Nacional.<\/p>\n\n\n\n<figure class=\"wp-block-embed\"><div class=\"wp-block-embed__wrapper\">\nhttps:\/\/www.elfinanciero.com.mx\/estados\/2024\/12\/21\/renuncia-el-gobernador-de-seguridad-de-sinaloa-en-medio-de-la-ola-de-violencia\n<\/div><\/figure>\n","protected":false},"excerpt":{"rendered":"<p>-El general en activo, DEM, \u00d3scar Renter\u00eda Schazarino rindi\u00f3 protesta como nuevo encargado de la seguridad en la entidad -La violencia en dicha entidad se ha exacerbado tras la captura de Ismael \u2018El Mayo\u2019 Zambada y de Joaqu\u00edn Guzm\u00e1n L\u00f3pez. Tomado de El Financiero Carlos Vel\u00e1zquez Mart\u00ednez\/ Corresponsal S\u00e1bado 21 de diciembre de 2024 El [&hellip;]<\/p>\n","protected":false},"author":1,"featured_media":22075,"comment_status":"open","ping_status":"open","sticky":false,"template":"","format":"standard","meta":{"content-type":"","footnotes":""},"categories":[3,105,113],"tags":[],"class_list":{"0":"post-22074","1":"post","2":"type-post","3":"status-publish","4":"format-standard","5":"has-post-thumbnail","7":"category-mexico","8":"category-principal","9":"category-seguridad"},"_links":{"self":[{"href":"https:\/\/www.regioncuatronoticias.com\/index.php\/wp-json\/wp\/v2\/posts\/22074","targetHints":{"allow":["GET"]}}],"collection":[{"href":"https:\/\/www.regioncuatronoticias.com\/index.php\/wp-json\/wp\/v2\/posts"}],"about":[{"href":"https:\/\/www.regioncuatronoticias.com\/index.php\/wp-json\/wp\/v2\/types\/post"}],"author":[{"embeddable":true,"href":"https:\/\/www.regioncuatronoticias.com\/index.php\/wp-json\/wp\/v2\/users\/1"}],"replies":[{"embeddable":true,"href":"https:\/\/www.regioncuatronoticias.com\/index.php\/wp-json\/wp\/v2\/comments?post=22074"}],"version-history":[{"count":1,"href":"https:\/\/www.regioncuatronoticias.com\/index.php\/wp-json\/wp\/v2\/posts\/22074\/revisions"}],"predecessor-version":[{"id":22076,"href":"https:\/\/www.regioncuatronoticias.com\/index.php\/wp-json\/wp\/v2\/posts\/22074\/revisions\/22076"}],"wp:featuredmedia":[{"embeddable":true,"href":"https:\/\/www.regioncuatronoticias.com\/index.php\/wp-json\/wp\/v2\/media\/22075"}],"wp:attachment":[{"href":"https:\/\/www.regioncuatronoticias.com\/index.php\/wp-json\/wp\/v2\/media?parent=22074"}],"wp:term":[{"taxonomy":"category","embeddable":true,"href":"https:\/\/www.regioncuatronoticias.com\/index.php\/wp-json\/wp\/v2\/categories?post=22074"},{"taxonomy":"post_tag","embeddable":true,"href":"https:\/\/www.regioncuatronoticias.com\/index.php\/wp-json\/wp\/v2\/tags?post=22074"}],"curies":[{"name":"wp","href":"https:\/\/api.w.org\/{rel}","templated":true}]}}