{"id":22041,"date":"2024-12-20T22:38:29","date_gmt":"2024-12-21T05:38:29","guid":{"rendered":"https:\/\/www.regioncuatronoticias.com\/?p=22041"},"modified":"2024-12-20T22:38:30","modified_gmt":"2024-12-21T05:38:30","slug":"atropellamiento-multiple-en-un-mercado-navideno-conmociona-a-alemania-video","status":"publish","type":"post","link":"https:\/\/www.regioncuatronoticias.com\/index.php\/2024\/12\/20\/atropellamiento-multiple-en-un-mercado-navideno-conmociona-a-alemania-video\/","title":{"rendered":"Atropellamiento m\u00faltiple en un mercado navide\u00f1o conmociona a Alemania (Video)"},"content":{"rendered":"\n<p><strong>El atacante, originario de Arabia Saudita, fue detenido en el lugar; seg\u00fan las autoridades, trabaj\u00f3 en solitario<\/strong><\/p>\n\n\n\n<p><strong>Atropellamiento m\u00faltiple en un mercado navide\u00f1o conmociona a Alemania (Video)Forenses revisan el autom\u00f3vil da\u00f1ado que atropell\u00f3 a visitantes de un mercado navide\u00f1o en Magdeburgo, Alemania <\/strong><\/p>\n\n\n\n<p>Tomado de Proceso<\/p>\n\n\n\n<p>France 24<\/p>\n\n\n\n<p>Viernes 20 de diciembre de 2024 \u00b7 22:42<\/p>\n\n\n\n<p>BERL\u00cdN (France 24).- Horror en Alemania. A unos d\u00edas de la Navidad, un veh\u00edculo arroll\u00f3 a una multitud que se encontraba visitando un mercado t\u00edpico decembrino en Magdeburgo, en el este del pa\u00eds, provocando al menos dos muertos, decenas de heridos y el caos en el sitio.&nbsp;<\/p>\n\n\n\n<p>El primer ministro del estado de Sajonia Anhalt, Reiner Haselhoff, confirm\u00f3 que las autoridades locales lograron la detenci\u00f3n inmediata del atacante, revelando que es un ciudadano de Arabia Saudita y que, presumiblemente, trabaj\u00f3 en solitario. En principio, Haselhoff solo reporta dos muertes confirmadas, aunque reconocen que no pueden &#8220;descartar m\u00e1s muertes debido a las graves lesiones&#8221;.&nbsp;<\/p>\n\n\n\n<p>&#8220;Lamentablemente, hay hasta ahora dos fallecidos, un adulto y un ni\u00f1o&#8221;, dijo el funcionario, a\u00f1adiendo que el canciller alem\u00e1n, Olaf Scholz, estar\u00e1 en Magdeburgo el pr\u00f3ximo 21 de diciembre para evaluar la situaci\u00f3n.&nbsp;<\/p>\n\n\n\n<p>Seg\u00fan revelaron los servicios de emergencia locales, as\u00ed como los videos difundidos en redes sociales, el veh\u00edculo del ataque fue una camioneta BMW de color negro, que se lanz\u00f3 en contra de los asistentes al mercado navide\u00f1o aproximadamente a las 19:00 horas (hora local). Los primeros informes mencionan que podr\u00eda haber entre 60 y 80 heridos en la escena.&nbsp;<\/p>\n\n\n\n<p>Los servicios de emergencia y m\u00faltiples patrullas alemanas se encuentran en el sitio para atender a los heridos y calcular la gravedad del incidente, seg\u00fan diarios locales. El gobierno local dio la indicaci\u00f3n de desalojar el mercado navide\u00f1o y evitar el centro de la ciudad.&nbsp;<\/p>\n\n\n\n<p>&#8220;Los primeros informes sugieren algo muy malo&#8221;: Olaf Scholz&nbsp;<\/p>\n\n\n\n<p>A trav\u00e9s de una publicaci\u00f3n en su perfil de X, Scholz expres\u00f3 sus condolencias por las v\u00edctimas del ataque, agregando su agradecimiento con los servicios en la ciudad que acudieron a atender r\u00e1pidamente a los heridos. Sin embargo, el canciller reconoci\u00f3 que &#8220;los primeros informes sugieren algo muy malo&#8221; sobre el ataque en el mercado navide\u00f1o.&nbsp;<\/p>\n\n\n\n<p>&#8220;Mis pensamientos est\u00e1n con las v\u00edctimas y sus familias. Estamos a su lado y al pueblo de Magdeburgo. Mi agradecimiento a los dedicados trabajadores de rescate en estas horas de ansiedad&#8221;, escribi\u00f3 el jefe del gobierno alem\u00e1n.&nbsp;<\/p>\n\n\n\n<p>Por otro lado, Michael Reif, portavoz del Gobierno de Magdeburgo, revel\u00f3 que &#8220;la evaluaci\u00f3n inicial&#8221; sobre el incidente es que se trat\u00f3 de un &#8220;ataque&#8221;, aunque despu\u00e9s mencion\u00f3 que, hasta el momento, se desconocen los motivos del atacante, en que direcci\u00f3n iba y cuantos metros condujo dentro del mercado.&nbsp;<\/p>\n\n\n\n<figure class=\"wp-block-embed\"><div class=\"wp-block-embed__wrapper\">\nhttps:\/\/www.proceso.com.mx\/internacional\/2024\/12\/20\/atropellamiento-multiple-en-un-mercado-navideno-conmociona-alemania-video-342483.html\n<\/div><\/figure>\n","protected":false},"excerpt":{"rendered":"<p>El atacante, originario de Arabia Saudita, fue detenido en el lugar; seg\u00fan las autoridades, trabaj\u00f3 en solitario Atropellamiento m\u00faltiple en un mercado navide\u00f1o conmociona a Alemania (Video)Forenses revisan el autom\u00f3vil da\u00f1ado que atropell\u00f3 a visitantes de un mercado navide\u00f1o en Magdeburgo, Alemania Tomado de Proceso France 24 Viernes 20 de diciembre de 2024 \u00b7 22:42 [&hellip;]<\/p>\n","protected":false},"author":1,"featured_media":22042,"comment_status":"open","ping_status":"open","sticky":false,"template":"","format":"standard","meta":{"content-type":"","footnotes":""},"categories":[117,7],"tags":[],"class_list":{"0":"post-22041","1":"post","2":"type-post","3":"status-publish","4":"format-standard","5":"has-post-thumbnail","7":"category-general","8":"category-internacional"},"_links":{"self":[{"href":"https:\/\/www.regioncuatronoticias.com\/index.php\/wp-json\/wp\/v2\/posts\/22041","targetHints":{"allow":["GET"]}}],"collection":[{"href":"https:\/\/www.regioncuatronoticias.com\/index.php\/wp-json\/wp\/v2\/posts"}],"about":[{"href":"https:\/\/www.regioncuatronoticias.com\/index.php\/wp-json\/wp\/v2\/types\/post"}],"author":[{"embeddable":true,"href":"https:\/\/www.regioncuatronoticias.com\/index.php\/wp-json\/wp\/v2\/users\/1"}],"replies":[{"embeddable":true,"href":"https:\/\/www.regioncuatronoticias.com\/index.php\/wp-json\/wp\/v2\/comments?post=22041"}],"version-history":[{"count":1,"href":"https:\/\/www.regioncuatronoticias.com\/index.php\/wp-json\/wp\/v2\/posts\/22041\/revisions"}],"predecessor-version":[{"id":22043,"href":"https:\/\/www.regioncuatronoticias.com\/index.php\/wp-json\/wp\/v2\/posts\/22041\/revisions\/22043"}],"wp:featuredmedia":[{"embeddable":true,"href":"https:\/\/www.regioncuatronoticias.com\/index.php\/wp-json\/wp\/v2\/media\/22042"}],"wp:attachment":[{"href":"https:\/\/www.regioncuatronoticias.com\/index.php\/wp-json\/wp\/v2\/media?parent=22041"}],"wp:term":[{"taxonomy":"category","embeddable":true,"href":"https:\/\/www.regioncuatronoticias.com\/index.php\/wp-json\/wp\/v2\/categories?post=22041"},{"taxonomy":"post_tag","embeddable":true,"href":"https:\/\/www.regioncuatronoticias.com\/index.php\/wp-json\/wp\/v2\/tags?post=22041"}],"curies":[{"name":"wp","href":"https:\/\/api.w.org\/{rel}","templated":true}]}}