{"id":22026,"date":"2024-12-20T19:24:12","date_gmt":"2024-12-21T02:24:12","guid":{"rendered":"https:\/\/www.regioncuatronoticias.com\/?p=22026"},"modified":"2024-12-20T19:24:14","modified_gmt":"2024-12-21T02:24:14","slug":"congreso-discutira-proyecto-de-reforma-al-poder-judicial-de-sonora-en-sesion-extraordinaria-este-lunes-23","status":"publish","type":"post","link":"https:\/\/www.regioncuatronoticias.com\/index.php\/2024\/12\/20\/congreso-discutira-proyecto-de-reforma-al-poder-judicial-de-sonora-en-sesion-extraordinaria-este-lunes-23\/","title":{"rendered":"Congreso discutir\u00e1 proyecto de Reforma al Poder Judicial de Sonora en sesi\u00f3n extraordinaria este lunes 23"},"content":{"rendered":"\n<p>Hermosillo, Sonora; 20 de diciembre de 2024.- La Mesa Directiva de la Diputaci\u00f3n Permanente aprob\u00f3 este viernes la convocatoria al Pleno de la 64 Legislatura para una sesi\u00f3n extraordinaria el lunes 23 de diciembre a las 10:00 horas. Durante esta sesi\u00f3n se tratar\u00e1n temas como la reforma al Poder Judicial estatal, la actualizaci\u00f3n tecnol\u00f3gica del estado y cambios en varias leyes.<\/p>\n\n\n\n<p>El presidente de la Diputaci\u00f3n Permanente, Omar Del Valle Colosio (PVEM), present\u00f3 la respectiva convocatoria la cual incluye analizar el dictamen que presenta la Comisi\u00f3n de Gobernaci\u00f3n y Puntos Constitucionales, con proyecto de ley que reforma, adiciona y deroga diversas disposiciones de la Constituci\u00f3n Pol\u00edtica del Estado Libre y Soberano de Sonora, en materia del Poder Judicial del estado.<\/p>\n\n\n\n<p>De igual manera,&nbsp; se analizar\u00e1 el dictamen correspondiente a la Ley Org\u00e1nica del Poder Ejecutivo del Estado de Sonora; Ley de Responsabilidades y Sanciones para el Estado de Sonora; y Ley de Adquisiciones, Arrendamientos y Servicios del Sector P\u00fablico del Estado de Sonora.<\/p>\n\n\n\n<p>Asimismo, el dictamen que presenta la Comisi\u00f3n de Hacienda, con proyecto de decreto por el que se autoriza al Ejecutivo del estado de Sonora la contrataci\u00f3n multianual de arrendamientos del servicio integral para los centros de datos del estado, correspondiente a los ejercicios fiscales 2025 a 2029.<\/p>\n\n\n\n<p>Los diputados Emeterio Ochoa Baz\u00faa (PRI) y Jes\u00fas Manuel Scott S\u00e1nchez (MC) expresaron su desacuerdo con la conformaci\u00f3n de los dict\u00e1menes incluidos en el orden del d\u00eda para la sesi\u00f3n extraordinaria.<\/p>\n\n\n\n<p>El orden del d\u00eda se aprob\u00f3 por mayor\u00eda de las y los diputados presentes. La fecha y hora de la pr\u00f3xima sesi\u00f3n ordinaria de la Diputaci\u00f3n Permanente se informar\u00e1 el lunes 23 de diciembre a las 10:00 horas.<\/p>\n","protected":false},"excerpt":{"rendered":"<p>Hermosillo, Sonora; 20 de diciembre de 2024.- La Mesa Directiva de la Diputaci\u00f3n Permanente aprob\u00f3 este viernes la convocatoria al Pleno de la 64 Legislatura para una sesi\u00f3n extraordinaria el lunes 23 de diciembre a las 10:00 horas. Durante esta sesi\u00f3n se tratar\u00e1n temas como la reforma al Poder Judicial estatal, la actualizaci\u00f3n tecnol\u00f3gica del [&hellip;]<\/p>\n","protected":false},"author":1,"featured_media":22027,"comment_status":"open","ping_status":"open","sticky":false,"template":"","format":"standard","meta":{"content-type":"","footnotes":""},"categories":[119,9],"tags":[],"class_list":{"0":"post-22026","1":"post","2":"type-post","3":"status-publish","4":"format-standard","5":"has-post-thumbnail","7":"category-congreso","8":"category-sonora"},"_links":{"self":[{"href":"https:\/\/www.regioncuatronoticias.com\/index.php\/wp-json\/wp\/v2\/posts\/22026","targetHints":{"allow":["GET"]}}],"collection":[{"href":"https:\/\/www.regioncuatronoticias.com\/index.php\/wp-json\/wp\/v2\/posts"}],"about":[{"href":"https:\/\/www.regioncuatronoticias.com\/index.php\/wp-json\/wp\/v2\/types\/post"}],"author":[{"embeddable":true,"href":"https:\/\/www.regioncuatronoticias.com\/index.php\/wp-json\/wp\/v2\/users\/1"}],"replies":[{"embeddable":true,"href":"https:\/\/www.regioncuatronoticias.com\/index.php\/wp-json\/wp\/v2\/comments?post=22026"}],"version-history":[{"count":1,"href":"https:\/\/www.regioncuatronoticias.com\/index.php\/wp-json\/wp\/v2\/posts\/22026\/revisions"}],"predecessor-version":[{"id":22028,"href":"https:\/\/www.regioncuatronoticias.com\/index.php\/wp-json\/wp\/v2\/posts\/22026\/revisions\/22028"}],"wp:featuredmedia":[{"embeddable":true,"href":"https:\/\/www.regioncuatronoticias.com\/index.php\/wp-json\/wp\/v2\/media\/22027"}],"wp:attachment":[{"href":"https:\/\/www.regioncuatronoticias.com\/index.php\/wp-json\/wp\/v2\/media?parent=22026"}],"wp:term":[{"taxonomy":"category","embeddable":true,"href":"https:\/\/www.regioncuatronoticias.com\/index.php\/wp-json\/wp\/v2\/categories?post=22026"},{"taxonomy":"post_tag","embeddable":true,"href":"https:\/\/www.regioncuatronoticias.com\/index.php\/wp-json\/wp\/v2\/tags?post=22026"}],"curies":[{"name":"wp","href":"https:\/\/api.w.org\/{rel}","templated":true}]}}