{"id":22023,"date":"2024-12-20T18:59:41","date_gmt":"2024-12-21T01:59:41","guid":{"rendered":"https:\/\/www.regioncuatronoticias.com\/?p=22023"},"modified":"2024-12-20T18:59:43","modified_gmt":"2024-12-21T01:59:43","slug":"mejoran-transporte-publico-en-hermosillo-entrega-gobernador-durazo-camiones-electricos","status":"publish","type":"post","link":"https:\/\/www.regioncuatronoticias.com\/index.php\/2024\/12\/20\/mejoran-transporte-publico-en-hermosillo-entrega-gobernador-durazo-camiones-electricos\/","title":{"rendered":"Mejoran transporte p\u00fablico en Hermosillo; entrega gobernador Durazo camiones el\u00e9ctricos"},"content":{"rendered":"\n<p><strong>-Operar\u00e1n un total de cinco unidades el\u00e9ctricas de transporte p\u00fablico en la l\u00ednea 18, beneficiando a m\u00e1s de 125,500 usuarios del Hospital General del Estado y a 14,000 del IMSS Hospital General de Zona 14 en Hermosillo.<\/strong><\/p>\n\n\n\n<p><strong>-La primera electrolinera en la entidad lleva un 70% de avance en su construcci\u00f3n y representa un modelo de innovaci\u00f3n en transporte sustentable.<\/strong><\/p>\n\n\n\n<p>Hermosillo, Sonora; 20 de diciembre de 2024.- Sonora avanza hacia una movilidad m\u00e1s sostenible con la llegada de cinco unidades el\u00e9ctricas como parte del Plan Sonora de Energ\u00edas Sostenibles y la modernizaci\u00f3n del transporte p\u00fablico en la entidad, destac\u00f3 el gobernador Alfonso Durazo Monta\u00f1o.<\/p>\n\n\n\n<p>Estas unidades son un paso clave en la transici\u00f3n hacia un transporte p\u00fablico eficiente y ecol\u00f3gico, subray\u00f3 el mandatario estatal, ya que dan continuidad al plan operativo de transporte que se contempla para 2025, donde se destinar\u00e1n 100 millones de pesos para la adquisici\u00f3n de m\u00e1s unidades.<\/p>\n\n\n\n<p>&#8220;Con estas unidades iniciamos un programa de ampliaci\u00f3n y renovaci\u00f3n de la flota de transporte urbano en una transici\u00f3n a veh\u00edculos el\u00e9ctricos. En virtud de ello, estamos construyendo la primera electrolinera que tiene capacidad de carga r\u00e1pida particularmente para estas unidades, pero tambi\u00e9n prestar\u00e1 servicio al p\u00fablico. Es un avance importante que empecemos a sustituir viejas unidades de combusti\u00f3n interna, por unidades el\u00e9ctricas, todo esto, es una prioridad obviamente si estamos generando energ\u00edas limpias en el marco del Plan Sonora&#8221;, coment\u00f3.<\/p>\n\n\n\n<p>Estas unidades, que inicialmente operar\u00e1n dos y que se completar\u00e1n con las cinco unidades en la primera semana de enero, dar\u00e1n servicio en la l\u00ednea 18, beneficiando a m\u00e1s de 125 mil 500 usuarios del Hospital General del Estado y a 14 mil del IMSS Hospital General de Zona 14. Las unidades cuentan con caracter\u00edsticas de alta tecnolog\u00eda, como espacio para 61 personas, incluyendo 22 asientos con puertos USB, cinturones de seguridad, zona para silla de ruedas, espacio para perros gu\u00edas, rampa para personas con discapacidad, entre otras.<\/p>\n\n\n\n<p><strong>ELECTROLINERA, AVANCE DEL 70 POR CIENTO<\/strong><\/p>\n\n\n\n<p>Asimismo, el gobernador Alfonso Durazo Monta\u00f1o supervis\u00f3 los avances de la electrolinera que garantizar\u00e1 el funcionamiento de estas unidades el\u00e9ctricas y que tambi\u00e9n brindar\u00e1 servicio a los ciudadanos que cuenten con un veh\u00edculo el\u00e9ctrico. Para esta obra se han destinado casi 17 millones de pesos, y lleva un 70% de avance en su construcci\u00f3n. Esta infraestructura representa un modelo de innovaci\u00f3n en transporte sustentable.<\/p>\n\n\n\n<p>Durante la supervisi\u00f3n, el gobernador Durazo Monta\u00f1o subray\u00f3 que este esfuerzo es una muestra del compromiso de su administraci\u00f3n con la modernizaci\u00f3n del transporte p\u00fablico, buscando no solo mayor eficiencia, sino tambi\u00e9n reducir el impacto ambiental.<\/p>\n","protected":false},"excerpt":{"rendered":"<p>-Operar\u00e1n un total de cinco unidades el\u00e9ctricas de transporte p\u00fablico en la l\u00ednea 18, beneficiando a m\u00e1s de 125,500 usuarios del Hospital General del Estado y a 14,000 del IMSS Hospital General de Zona 14 en Hermosillo. -La primera electrolinera en la entidad lleva un 70% de avance en su construcci\u00f3n y representa un modelo [&hellip;]<\/p>\n","protected":false},"author":1,"featured_media":22024,"comment_status":"open","ping_status":"open","sticky":false,"template":"","format":"standard","meta":{"content-type":"","footnotes":""},"categories":[117,8,105],"tags":[],"class_list":{"0":"post-22023","1":"post","2":"type-post","3":"status-publish","4":"format-standard","5":"has-post-thumbnail","7":"category-general","8":"category-hermosillo","9":"category-principal"},"_links":{"self":[{"href":"https:\/\/www.regioncuatronoticias.com\/index.php\/wp-json\/wp\/v2\/posts\/22023","targetHints":{"allow":["GET"]}}],"collection":[{"href":"https:\/\/www.regioncuatronoticias.com\/index.php\/wp-json\/wp\/v2\/posts"}],"about":[{"href":"https:\/\/www.regioncuatronoticias.com\/index.php\/wp-json\/wp\/v2\/types\/post"}],"author":[{"embeddable":true,"href":"https:\/\/www.regioncuatronoticias.com\/index.php\/wp-json\/wp\/v2\/users\/1"}],"replies":[{"embeddable":true,"href":"https:\/\/www.regioncuatronoticias.com\/index.php\/wp-json\/wp\/v2\/comments?post=22023"}],"version-history":[{"count":1,"href":"https:\/\/www.regioncuatronoticias.com\/index.php\/wp-json\/wp\/v2\/posts\/22023\/revisions"}],"predecessor-version":[{"id":22025,"href":"https:\/\/www.regioncuatronoticias.com\/index.php\/wp-json\/wp\/v2\/posts\/22023\/revisions\/22025"}],"wp:featuredmedia":[{"embeddable":true,"href":"https:\/\/www.regioncuatronoticias.com\/index.php\/wp-json\/wp\/v2\/media\/22024"}],"wp:attachment":[{"href":"https:\/\/www.regioncuatronoticias.com\/index.php\/wp-json\/wp\/v2\/media?parent=22023"}],"wp:term":[{"taxonomy":"category","embeddable":true,"href":"https:\/\/www.regioncuatronoticias.com\/index.php\/wp-json\/wp\/v2\/categories?post=22023"},{"taxonomy":"post_tag","embeddable":true,"href":"https:\/\/www.regioncuatronoticias.com\/index.php\/wp-json\/wp\/v2\/tags?post=22023"}],"curies":[{"name":"wp","href":"https:\/\/api.w.org\/{rel}","templated":true}]}}