{"id":22010,"date":"2024-12-19T23:16:06","date_gmt":"2024-12-20T06:16:06","guid":{"rendered":"https:\/\/www.regioncuatronoticias.com\/?p=22010"},"modified":"2024-12-19T23:16:10","modified_gmt":"2024-12-20T06:16:10","slug":"difunden-foto-de-el-mini-lic-tras-su-recaptura-en-eu-por-trafico-de-fentanilo","status":"publish","type":"post","link":"https:\/\/www.regioncuatronoticias.com\/index.php\/2024\/12\/19\/difunden-foto-de-el-mini-lic-tras-su-recaptura-en-eu-por-trafico-de-fentanilo\/","title":{"rendered":"Difunden foto de &#8220;El Mini Lic&#8221; tras su recaptura en EU por tr\u00e1fico de fentanilo"},"content":{"rendered":"\n<p><strong>En la fotograf\u00eda se puede observar a L\u00f3pez Serrano, de 37 a\u00f1os de edad, vestido con una playera azul marino, una sudadera con capucha de color negro y lentes con marco en color negro<\/strong><\/p>\n\n\n\n<p>Tomado de Latinus<\/p>\n\n\n\n<p>X: Luis Chaparro<\/p>\n\n\n\n<p>Escrito en EU<\/p>\n\n\n\n<p>Jueves 19 de diciembre de 2024<\/p>\n\n\n\n<p>Este jueves fue difundida en redes sociales una fotograf\u00eda de D\u00e1maso L\u00f3pez Serrano, alias &#8220;El Mini Lic&#8217;, luego de su arresto el pasado viernes 13 de diciembre.<\/p>\n\n\n\n<p>La fotograf\u00eda, en la que aparece el narcotraficante asegurado por autoridades estadounidenses en Virginia, fue revelada por el periodista Luis Chaparro en sus redes sociales.<\/p>\n\n\n\n<p>En la fotograf\u00eda se puede observar a L\u00f3pez Serrano, de 37 a\u00f1os de edad, vestido con una playera azul marino, una sudadera con capucha de color negro y lentes con marco en color negro.<\/p>\n\n\n\n<p>De acuerdo con el periodista Luis Chaparro, fuentes del Bur\u00f3 Federal de Investigaciones (FBI, por sus siglas en ingl\u00e9s) confirmaron la aprehensi\u00f3n del hijo de D\u00e1maso L\u00f3pez N\u00fa\u00f1ez, conocido como \u201cEl Licenciado\u201d, quien era considerado uno de los sucesores de Joaqu\u00edn \u201cEl Chapo\u201d Guzm\u00e1n debido a su compadrazgo.<\/p>\n\n\n\n<p>Seg\u00fan el Bur\u00f3 Federal de Prisiones de Estados Unidos, \u201cEl Mini Lic\u201d hab\u00eda sido liberado el 16 de septiembre del 2022, tras cumplir una condena de 72 meses en prisi\u00f3n.<\/p>\n\n\n\n<p>L\u00f3pez Serrano es se\u00f1alado de ser el autor intelectual del asesinato del periodista Javier Arturo Valdez C\u00e1rdenas. Organizaciones civiles y el gobernador de Sinaloa, Rub\u00e9n Rocha, pidieron este lunes a las autoridades federales agilizar su proceso de extradici\u00f3n.<\/p>\n\n\n\n<p><a href=\"https:\/\/latinus.us\/eu\/2024\/12\/19\/difunden-foto-de-el-mini-lic-tras-su-recaptura-en-eu-por-trafico-de-fentanilo-130954.html\">https:\/\/latinus.us\/eu\/2024\/12\/19\/difunden-foto-de-el-mini-lic-tras-su-recaptura-en-eu-por-trafico-de-fentanilo-130954.html<\/a><\/p>\n\n\n\n<p><\/p>\n","protected":false},"excerpt":{"rendered":"<p>En la fotograf\u00eda se puede observar a L\u00f3pez Serrano, de 37 a\u00f1os de edad, vestido con una playera azul marino, una sudadera con capucha de color negro y lentes con marco en color negro Tomado de Latinus X: Luis Chaparro Escrito en EU Jueves 19 de diciembre de 2024 Este jueves fue difundida en redes [&hellip;]<\/p>\n","protected":false},"author":1,"featured_media":22011,"comment_status":"open","ping_status":"open","sticky":false,"template":"","format":"standard","meta":{"content-type":"","footnotes":""},"categories":[7,113],"tags":[],"class_list":{"0":"post-22010","1":"post","2":"type-post","3":"status-publish","4":"format-standard","5":"has-post-thumbnail","7":"category-internacional","8":"category-seguridad"},"_links":{"self":[{"href":"https:\/\/www.regioncuatronoticias.com\/index.php\/wp-json\/wp\/v2\/posts\/22010","targetHints":{"allow":["GET"]}}],"collection":[{"href":"https:\/\/www.regioncuatronoticias.com\/index.php\/wp-json\/wp\/v2\/posts"}],"about":[{"href":"https:\/\/www.regioncuatronoticias.com\/index.php\/wp-json\/wp\/v2\/types\/post"}],"author":[{"embeddable":true,"href":"https:\/\/www.regioncuatronoticias.com\/index.php\/wp-json\/wp\/v2\/users\/1"}],"replies":[{"embeddable":true,"href":"https:\/\/www.regioncuatronoticias.com\/index.php\/wp-json\/wp\/v2\/comments?post=22010"}],"version-history":[{"count":1,"href":"https:\/\/www.regioncuatronoticias.com\/index.php\/wp-json\/wp\/v2\/posts\/22010\/revisions"}],"predecessor-version":[{"id":22012,"href":"https:\/\/www.regioncuatronoticias.com\/index.php\/wp-json\/wp\/v2\/posts\/22010\/revisions\/22012"}],"wp:featuredmedia":[{"embeddable":true,"href":"https:\/\/www.regioncuatronoticias.com\/index.php\/wp-json\/wp\/v2\/media\/22011"}],"wp:attachment":[{"href":"https:\/\/www.regioncuatronoticias.com\/index.php\/wp-json\/wp\/v2\/media?parent=22010"}],"wp:term":[{"taxonomy":"category","embeddable":true,"href":"https:\/\/www.regioncuatronoticias.com\/index.php\/wp-json\/wp\/v2\/categories?post=22010"},{"taxonomy":"post_tag","embeddable":true,"href":"https:\/\/www.regioncuatronoticias.com\/index.php\/wp-json\/wp\/v2\/tags?post=22010"}],"curies":[{"name":"wp","href":"https:\/\/api.w.org\/{rel}","templated":true}]}}