{"id":21998,"date":"2024-12-19T22:50:16","date_gmt":"2024-12-20T05:50:16","guid":{"rendered":"https:\/\/www.regioncuatronoticias.com\/?p=21998"},"modified":"2024-12-19T22:50:19","modified_gmt":"2024-12-20T05:50:19","slug":"sube-a-7-el-numero-de-reclusos-fallecidos-tras-motin-en-penal-de-tabasco","status":"publish","type":"post","link":"https:\/\/www.regioncuatronoticias.com\/index.php\/2024\/12\/19\/sube-a-7-el-numero-de-reclusos-fallecidos-tras-motin-en-penal-de-tabasco\/","title":{"rendered":"Sube a 7 el n\u00famero de reclusos fallecidos tras mot\u00edn en penal de Tabasco"},"content":{"rendered":"\n<p><strong>Un mot\u00edn derivado de grupos antag\u00f3nicos en disputa al interior del Centro de Readaptaci\u00f3n Social del Estado de Tabasco (CRESET) ha dejado hasta el momento personas fallecidas y un indeterminado n\u00famero de heridos.<\/strong><\/p>\n\n\n\n<p>Tomado de La Jornada&nbsp;<\/p>\n\n\n\n<p>Ren\u00e9 Alberto L\u00f3pez, corresponsal<\/p>\n\n\n\n<p>Jueves 19 de diciembre de 2024<\/p>\n\n\n\n<p>Villahermosa, Tab. La Fiscal\u00eda General del Estado de Tabasco inform\u00f3 esta noche que siete internos del Centro de Reinserci\u00f3n Social de Tabasco (CREST) murieron luego del operativo que realizaron autoridades de seguridad de los tres \u00f3rdenes de gobierno para controlar un mot\u00edn.<\/p>\n\n\n\n<p>Indic\u00f3 que los reclusos que perdieron la vida son Jorge Francisco \u201cN\u201d, Marcelo \u201cN\u201d, Mario de Jes\u00fas \u201cN\u201d, Alejandro \u201cN\u201d, Iv\u00e1n \u201cN\u201d, Cristhian \u201cN\u201d y Antonio \u201cN\u201d; otros seis resultaron lesionados, al igual que cuatro elementos policiacos.<\/p>\n\n\n\n<p>Se\u00f1al\u00f3 que la instituci\u00f3n ya inici\u00f3 las investigaciones correspondientes para el esclarecimiento de lo sucedido.<\/p>\n\n\n\n<p><a href=\"https:\/\/www.jornada.com.mx\/noticia\/2024\/12\/19\/estados\/fallecen-7-internos-luego-de-motin-en-penal-de-tabasco-1456\">https:\/\/www.jornada.com.mx\/noticia\/2024\/12\/19\/estados\/fallecen-7-internos-luego-de-motin-en-penal-de-tabasco-1456<\/a><\/p>\n","protected":false},"excerpt":{"rendered":"<p>Un mot\u00edn derivado de grupos antag\u00f3nicos en disputa al interior del Centro de Readaptaci\u00f3n Social del Estado de Tabasco (CRESET) ha dejado hasta el momento personas fallecidas y un indeterminado n\u00famero de heridos. Tomado de La Jornada&nbsp; Ren\u00e9 Alberto L\u00f3pez, corresponsal Jueves 19 de diciembre de 2024 Villahermosa, Tab. La Fiscal\u00eda General del Estado de [&hellip;]<\/p>\n","protected":false},"author":1,"featured_media":21999,"comment_status":"open","ping_status":"open","sticky":false,"template":"","format":"standard","meta":{"content-type":"","footnotes":""},"categories":[3,105,113],"tags":[],"class_list":{"0":"post-21998","1":"post","2":"type-post","3":"status-publish","4":"format-standard","5":"has-post-thumbnail","7":"category-mexico","8":"category-principal","9":"category-seguridad"},"_links":{"self":[{"href":"https:\/\/www.regioncuatronoticias.com\/index.php\/wp-json\/wp\/v2\/posts\/21998","targetHints":{"allow":["GET"]}}],"collection":[{"href":"https:\/\/www.regioncuatronoticias.com\/index.php\/wp-json\/wp\/v2\/posts"}],"about":[{"href":"https:\/\/www.regioncuatronoticias.com\/index.php\/wp-json\/wp\/v2\/types\/post"}],"author":[{"embeddable":true,"href":"https:\/\/www.regioncuatronoticias.com\/index.php\/wp-json\/wp\/v2\/users\/1"}],"replies":[{"embeddable":true,"href":"https:\/\/www.regioncuatronoticias.com\/index.php\/wp-json\/wp\/v2\/comments?post=21998"}],"version-history":[{"count":1,"href":"https:\/\/www.regioncuatronoticias.com\/index.php\/wp-json\/wp\/v2\/posts\/21998\/revisions"}],"predecessor-version":[{"id":22000,"href":"https:\/\/www.regioncuatronoticias.com\/index.php\/wp-json\/wp\/v2\/posts\/21998\/revisions\/22000"}],"wp:featuredmedia":[{"embeddable":true,"href":"https:\/\/www.regioncuatronoticias.com\/index.php\/wp-json\/wp\/v2\/media\/21999"}],"wp:attachment":[{"href":"https:\/\/www.regioncuatronoticias.com\/index.php\/wp-json\/wp\/v2\/media?parent=21998"}],"wp:term":[{"taxonomy":"category","embeddable":true,"href":"https:\/\/www.regioncuatronoticias.com\/index.php\/wp-json\/wp\/v2\/categories?post=21998"},{"taxonomy":"post_tag","embeddable":true,"href":"https:\/\/www.regioncuatronoticias.com\/index.php\/wp-json\/wp\/v2\/tags?post=21998"}],"curies":[{"name":"wp","href":"https:\/\/api.w.org\/{rel}","templated":true}]}}