{"id":21992,"date":"2024-12-19T22:27:56","date_gmt":"2024-12-20T05:27:56","guid":{"rendered":"https:\/\/www.regioncuatronoticias.com\/?p=21992"},"modified":"2024-12-19T22:27:58","modified_gmt":"2024-12-20T05:27:58","slug":"activan-alerta-migratoria-contra-evo-morales","status":"publish","type":"post","link":"https:\/\/www.regioncuatronoticias.com\/index.php\/2024\/12\/19\/activan-alerta-migratoria-contra-evo-morales\/","title":{"rendered":"Activan alerta migratoria contra Evo Morales"},"content":{"rendered":"\n<p><strong>Evo Morales denunci\u00f3 sobre la existencia de un plan del gobierno de Luis Arce para detenerlo y enviarlo a Estados Unidos<\/strong><\/p>\n\n\n\n<p>Tomado de Ariistegui nOticias<\/p>\n\n\n\n<p>Redacci\u00f3n AN \/ AG<\/p>\n\n\n\n<p>Jueves 19 de diciembre de 2024<\/p>\n\n\n\n<p>El gobierno de Bolivia activ\u00f3 una alerta migratoria contra el expresidente Evo Morales (2006-2019) en el marco de un proceso judicial por trata de personas agravado relacionado a una supuesta relaci\u00f3n con una menor con la que tuvo un hijo.<\/p>\n\n\n\n<p>Roberto R\u00edos, viceministro de Seguridad Ciudadana, declar\u00f3 a los medios que \u201cya se ha emitido la alerta migratoria\u201d por lo que la Direcci\u00f3n Nacional de Migraci\u00f3n puso en alerta \u201ca todas sus dependencias as\u00ed como a la Polic\u00eda de control migratorio\u201d.<\/p>\n\n\n\n<p>El lunes, la fiscal del sure\u00f1o departamento de Tarija, Sandra Guti\u00e9rrez, inform\u00f3 sobre la presentaci\u00f3n de la \u201cimputaci\u00f3n formal\u201d contra Morales, por lo que se est\u00e1 a la espera de que el juez a cargo del caso \u201cse\u00f1ale la fecha y hora para que se lleve a cabo la audiencia de medidas cautelares\u201d.<\/p>\n\n\n\n<p>La denuncia establece que Evo Morales presuntamente habr\u00eda cometido los delitos de trata de personas y estupro con una menor de edad con la que supuestamente tuvo un hijo, adem\u00e1s, en el proceso se indica que los padres de la supuesta v\u00edctima se \u201clucraron\u201d con ella al entregarla al expresidente a cambio de \u201cfavores\u201d.<\/p>\n\n\n\n<p>Asimismo, la v\u00edctima presuntamente pertenec\u00eda a un grupo juvenil creado por el exmandatario durante su Presidencia, llamado \u2018Generaci\u00f3n Evo\u2019.<\/p>\n\n\n\n<p>La Fiscal\u00eda indic\u00f3 que la orden de aprehensi\u00f3n contra Morales fue emitida el 16 de octubre y no se ejecut\u00f3 por varias razones, como la imposibilidad que tuvo la Polic\u00eda para dar con el paradero del l\u00edder pol\u00edtico.<\/p>\n\n\n\n<p>Respecto a la orden de aprehensi\u00f3n contra Morales, el viceministro R\u00edos dijo que a\u00fan falta la notificaci\u00f3n al Comando de la Polic\u00eda de Cochabamba (centro) para que act\u00fae conforme a los procedimientos.<\/p>\n\n\n\n<p><strong>Evo Morales, protegido con una \u201cseguridad de \u00e9lite\u201d<\/strong><\/p>\n\n\n\n<p>Los dirigentes sociales afines a Evo Morales afirmaron esta jornada a medios locales que el exmandatario est\u00e1 protegido con una \u201cseguridad de \u00e9lite\u201d y vigilias de campesinos en el Tr\u00f3pico de Cochabamba, su principal basti\u00f3n pol\u00edtico y sindical.<\/p>\n\n\n\n<p>Tambi\u00e9n, alertaron sobre la posibilidad de que \u201ccorra sangre\u201d en caso de que la Polic\u00eda ingrese a la zona en la que Morales se resguarda y que \u201cno se va a tolerar\u201d una posible aprehensi\u00f3n.<\/p>\n\n\n\n<p>Morales particip\u00f3 el mi\u00e9rcoles en un acto en la poblaci\u00f3n de Chimor\u00e9, en el Tr\u00f3pico de Cochabamba, para conmemorar el \u2018D\u00eda de la Revoluci\u00f3n Democr\u00e1tica y Cultural\u2019 instituido por la que fue su primera victoria electoral el 18 de diciembre de 2005.<\/p>\n\n\n\n<p>En esa movilizaci\u00f3n, los seguidores de Morales aprobaron un manifiesto en el que en uno de sus puntos se\u00f1ala que el exgobernante ser\u00e1 candidato en las elecciones presidenciales de 2025 incluso si llega a estar encarcelado.<\/p>\n\n\n\n<p><strong>Morales denuncia plan de Luis Arce para detenerlo y enviarlo a EU<\/strong><\/p>\n\n\n\n<p>Hace casi dos semanas, Morales declar\u00f3 a EFE sobre la existencia de un plan del Gobierno de Luis Arce para detenerlo y enviarlo a Estados Unidos, adonde fue extraditado quien fue el \u00faltimo jefe antidrogas de su Administraci\u00f3n por v\u00ednculos con el narcotr\u00e1fico y con quien dijo buscan relacionarlo; o a Argentina, pa\u00eds en el que est\u00e1 abierto un proceso por trata de personas y estupro.<\/p>\n\n\n\n<p>Las investigaciones contra el pol\u00edtico por trata de personas y estupro se dan en medio de su distanciamiento con el Gobierno de Luis Arce por el control del oficialista Movimiento al Socialismo (MAS) y la definici\u00f3n de la candidatura de este partido para las elecciones de 2025. (EFE)<\/p>\n\n\n\n<p><a href=\"https:\/\/aristeguinoticias.com\/1912\/mundo\/activan-alerta-migratoria-contra-evo-morales\">https:\/\/aristeguinoticias.com\/1912\/mundo\/activan-alerta-migratoria-contra-evo-morales<\/a><\/p>\n","protected":false},"excerpt":{"rendered":"<p>Evo Morales denunci\u00f3 sobre la existencia de un plan del gobierno de Luis Arce para detenerlo y enviarlo a Estados Unidos Tomado de Ariistegui nOticias Redacci\u00f3n AN \/ AG Jueves 19 de diciembre de 2024 El gobierno de Bolivia activ\u00f3 una alerta migratoria contra el expresidente Evo Morales (2006-2019) en el marco de un proceso [&hellip;]<\/p>\n","protected":false},"author":1,"featured_media":21993,"comment_status":"open","ping_status":"open","sticky":false,"template":"","format":"standard","meta":{"content-type":"","footnotes":""},"categories":[7,115],"tags":[],"class_list":{"0":"post-21992","1":"post","2":"type-post","3":"status-publish","4":"format-standard","5":"has-post-thumbnail","7":"category-internacional","8":"category-politica"},"_links":{"self":[{"href":"https:\/\/www.regioncuatronoticias.com\/index.php\/wp-json\/wp\/v2\/posts\/21992","targetHints":{"allow":["GET"]}}],"collection":[{"href":"https:\/\/www.regioncuatronoticias.com\/index.php\/wp-json\/wp\/v2\/posts"}],"about":[{"href":"https:\/\/www.regioncuatronoticias.com\/index.php\/wp-json\/wp\/v2\/types\/post"}],"author":[{"embeddable":true,"href":"https:\/\/www.regioncuatronoticias.com\/index.php\/wp-json\/wp\/v2\/users\/1"}],"replies":[{"embeddable":true,"href":"https:\/\/www.regioncuatronoticias.com\/index.php\/wp-json\/wp\/v2\/comments?post=21992"}],"version-history":[{"count":1,"href":"https:\/\/www.regioncuatronoticias.com\/index.php\/wp-json\/wp\/v2\/posts\/21992\/revisions"}],"predecessor-version":[{"id":21994,"href":"https:\/\/www.regioncuatronoticias.com\/index.php\/wp-json\/wp\/v2\/posts\/21992\/revisions\/21994"}],"wp:featuredmedia":[{"embeddable":true,"href":"https:\/\/www.regioncuatronoticias.com\/index.php\/wp-json\/wp\/v2\/media\/21993"}],"wp:attachment":[{"href":"https:\/\/www.regioncuatronoticias.com\/index.php\/wp-json\/wp\/v2\/media?parent=21992"}],"wp:term":[{"taxonomy":"category","embeddable":true,"href":"https:\/\/www.regioncuatronoticias.com\/index.php\/wp-json\/wp\/v2\/categories?post=21992"},{"taxonomy":"post_tag","embeddable":true,"href":"https:\/\/www.regioncuatronoticias.com\/index.php\/wp-json\/wp\/v2\/tags?post=21992"}],"curies":[{"name":"wp","href":"https:\/\/api.w.org\/{rel}","templated":true}]}}