{"id":21952,"date":"2024-12-19T01:33:27","date_gmt":"2024-12-19T08:33:27","guid":{"rendered":"https:\/\/www.regioncuatronoticias.com\/?p=21952"},"modified":"2024-12-19T01:33:28","modified_gmt":"2024-12-19T08:33:28","slug":"congreso-de-sonora-y-cruz-roja-mexicana-firman-convenio-de-colaboracion","status":"publish","type":"post","link":"https:\/\/www.regioncuatronoticias.com\/index.php\/2024\/12\/19\/congreso-de-sonora-y-cruz-roja-mexicana-firman-convenio-de-colaboracion\/","title":{"rendered":"Congreso de Sonora y Cruz Roja Mexicana firman convenio de colaboraci\u00f3n"},"content":{"rendered":"\n<p>Hermosillo, Son; diciembre 18.- Con el objetivo de fortalecer las capacidades de respuesta ante emergencias y promover la participaci\u00f3n activa en temas relacionados con la salud, el Congreso de Sonora y la Cruz Roja Mexicana firmaron un convenio de colaboraci\u00f3n.<\/p>\n\n\n\n<p>El presidente del Congreso, Omar Del Valle Colosio (PVEM), acompa\u00f1ado de la presidenta de la Comisi\u00f3n de Salud, Amairany Pe\u00f1a Escalante (PES), se\u00f1al\u00f3 la importancia de esta alianza, destacando que permitir\u00e1 capacitar de manera efectiva al personal del Poder Legislativo para brindar herramientas necesarias con el fin de reaccionar adecuadamente ante cualquier situaci\u00f3n inesperada.<\/p>\n\n\n\n<p>Por su parte, Samuel Ramos S\u00e1nchez, coordinador local de la Cruz Roja Mexicana, se\u00f1al\u00f3 que este convenio tambi\u00e9n busca impulsar campa\u00f1as de concientizaci\u00f3n de donaci\u00f3n de sangre y diversos talleres para prevenir enfermedades y promover una cultura de salud.<\/p>\n\n\n\n<p>Como parte de esta colaboraci\u00f3n se llev\u00f3 a cabo una jornada de salud en el vest\u00edbulo del Congreso de Sonora, organizada por la Cl\u00ednica de Especialidades de la Cruz Roja Mexicana. Durante la jornada, se ofrecieron servicios gratuitos de medicina general, enfermer\u00eda, odontolog\u00eda, rehabilitaci\u00f3n f\u00edsica y nutrici\u00f3n.<\/p>\n","protected":false},"excerpt":{"rendered":"<p>Hermosillo, Son; diciembre 18.- Con el objetivo de fortalecer las capacidades de respuesta ante emergencias y promover la participaci\u00f3n activa en temas relacionados con la salud, el Congreso de Sonora y la Cruz Roja Mexicana firmaron un convenio de colaboraci\u00f3n. El presidente del Congreso, Omar Del Valle Colosio (PVEM), acompa\u00f1ado de la presidenta de la [&hellip;]<\/p>\n","protected":false},"author":1,"featured_media":21953,"comment_status":"open","ping_status":"open","sticky":false,"template":"","format":"standard","meta":{"content-type":"","footnotes":""},"categories":[119,9],"tags":[],"class_list":{"0":"post-21952","1":"post","2":"type-post","3":"status-publish","4":"format-standard","5":"has-post-thumbnail","7":"category-congreso","8":"category-sonora"},"_links":{"self":[{"href":"https:\/\/www.regioncuatronoticias.com\/index.php\/wp-json\/wp\/v2\/posts\/21952","targetHints":{"allow":["GET"]}}],"collection":[{"href":"https:\/\/www.regioncuatronoticias.com\/index.php\/wp-json\/wp\/v2\/posts"}],"about":[{"href":"https:\/\/www.regioncuatronoticias.com\/index.php\/wp-json\/wp\/v2\/types\/post"}],"author":[{"embeddable":true,"href":"https:\/\/www.regioncuatronoticias.com\/index.php\/wp-json\/wp\/v2\/users\/1"}],"replies":[{"embeddable":true,"href":"https:\/\/www.regioncuatronoticias.com\/index.php\/wp-json\/wp\/v2\/comments?post=21952"}],"version-history":[{"count":1,"href":"https:\/\/www.regioncuatronoticias.com\/index.php\/wp-json\/wp\/v2\/posts\/21952\/revisions"}],"predecessor-version":[{"id":21954,"href":"https:\/\/www.regioncuatronoticias.com\/index.php\/wp-json\/wp\/v2\/posts\/21952\/revisions\/21954"}],"wp:featuredmedia":[{"embeddable":true,"href":"https:\/\/www.regioncuatronoticias.com\/index.php\/wp-json\/wp\/v2\/media\/21953"}],"wp:attachment":[{"href":"https:\/\/www.regioncuatronoticias.com\/index.php\/wp-json\/wp\/v2\/media?parent=21952"}],"wp:term":[{"taxonomy":"category","embeddable":true,"href":"https:\/\/www.regioncuatronoticias.com\/index.php\/wp-json\/wp\/v2\/categories?post=21952"},{"taxonomy":"post_tag","embeddable":true,"href":"https:\/\/www.regioncuatronoticias.com\/index.php\/wp-json\/wp\/v2\/tags?post=21952"}],"curies":[{"name":"wp","href":"https:\/\/api.w.org\/{rel}","templated":true}]}}