{"id":21941,"date":"2024-12-19T01:11:14","date_gmt":"2024-12-19T08:11:14","guid":{"rendered":"https:\/\/www.regioncuatronoticias.com\/?p=21941"},"modified":"2024-12-19T01:11:16","modified_gmt":"2024-12-19T08:11:16","slug":"frente-a-reforma-al-infonavit-ctm-sonora-demanda-dialogo-transparencia-y-construccion-urgente-de-vivienda-social","status":"publish","type":"post","link":"https:\/\/www.regioncuatronoticias.com\/index.php\/2024\/12\/19\/frente-a-reforma-al-infonavit-ctm-sonora-demanda-dialogo-transparencia-y-construccion-urgente-de-vivienda-social\/","title":{"rendered":"Frente a reforma al Infonavit, CTM Sonora demanda di\u00e1logo, transparencia y construcci\u00f3n urgente de vivienda social"},"content":{"rendered":"\n<p>Hermosillo, Sonora; 18 de diciembre de 2024.- Existe la urgente necesidad de que se tomen medidas concretas para solucionar el d\u00e9ficit de vivienda de inter\u00e9s social, que afecta a miles de familias en el estado, demand\u00f3 la c\u00fapula sindical de la CTM Sonora.<\/p>\n\n\n\n<p>En rueda de prensa, Javier Villarreal, secretario general de la organizaci\u00f3n obrera, el diputado local Oscar Ortiz Arvayo, as\u00ed como directivos sindicales, abordaron el tema del estado actual de la reforma a la Ley General del Infonavit y su impacto en los trabajadores sonorenses.<\/p>\n\n\n\n<p>Villarreal G\u00e1mez se\u00f1al\u00f3 que el dictamen de la reforma, el cual ya fue aprobado por el Senado de la Rep\u00fablica, se discutir\u00e1 en la C\u00e1mara de Diputados en el pr\u00f3ximo periodo ordinario de sesiones, programado para febrero; sin embargo, enfatiz\u00f3 que el tiempo hasta entonces debe aprovecharse para entablar un di\u00e1logo profundo sobre la iniciativa.<\/p>\n\n\n\n<p>&#8220;Nosotros demandamos que se respete el tripartismo en el Infonavit; pero, tambi\u00e9n exigimos transparencia y castigo a los responsables de las irregularidades que se han denunciado, en cuanto al manejo de los recursos de los trabajadores, en la conferencia ma\u00f1anera de hoy (ayer) de la Presidenta Claudia Sheinbaum&#8221;, explic\u00f3 el dirigente estatal.<\/p>\n\n\n\n<p>Destac\u00f3 adem\u00e1s que en Sonora hay un d\u00e9ficit de al menos 150,000 viviendas, y que las soluciones propuestas hasta ahora son insuficientes. &#8220;No es posible que en seis a\u00f1os se proponga construir menos del 10% de ese faltante. Pedimos que se aumente considerablemente la cantidad de viviendas y que se prioricen a los trabajadores de bajos salarios,&#8221; se\u00f1al\u00f3.<\/p>\n\n\n\n<p>Agreg\u00f3 que &#8220;es inaceptable que durante seis a\u00f1os se hayan acumulado miles de trabajadores sin acceso a una vivienda digna&#8221;, y calific\u00f3 esta situaci\u00f3n como &#8220;un crimen social que no debe repetirse.&#8221;<\/p>\n\n\n\n<p>Por su parte, el diputado Oscar Ortiz Arvayo, tambi\u00e9n dirigente de la CTM en Hermosillo, manifest\u00f3 su apoyo a la reforma; pero con condiciones claras. &#8220;S\u00ed a una reforma que elimine la corrupci\u00f3n, transparente los recursos y garantice la construcci\u00f3n inmediata de vivienda de inter\u00e9s social para los trabajadores,&#8221; estableci\u00f3.<\/p>\n\n\n\n<p>Dijo que la CTM ha mantenido un di\u00e1logo permanente con el Gobierno del Estado, el Infonavit y con desarrolladores de vivienda, para abordar el problema localmente. &#8220;Estamos listos para analizar y apoyar cualquier iniciativa que realmente beneficie a los trabajadores y asegure que los recursos del fondo de vivienda se utilicen de manera adecuada,&#8221; afirm\u00f3.<\/p>\n\n\n\n<p>Ambos l\u00edderes hicieron un llamado al Gobierno Federal para que se d\u00e9 prioridad a la construcci\u00f3n de viviendas asequibles, y exigieron un plan claro sobre los terrenos disponibles y la distribuci\u00f3n de proyectos en los diferentes municipios de Sonora.<\/p>\n\n\n\n<p>A decir de sus dirigentes, la CTM estatal seguir\u00e1 insistiendo en que la reforma garantice soluciones reales y justicia para los trabajadores, mientras se mantiene atenta a la discusi\u00f3n legislativa en los pr\u00f3ximos meses.<\/p>\n","protected":false},"excerpt":{"rendered":"<p>Hermosillo, Sonora; 18 de diciembre de 2024.- Existe la urgente necesidad de que se tomen medidas concretas para solucionar el d\u00e9ficit de vivienda de inter\u00e9s social, que afecta a miles de familias en el estado, demand\u00f3 la c\u00fapula sindical de la CTM Sonora. En rueda de prensa, Javier Villarreal, secretario general de la organizaci\u00f3n obrera, [&hellip;]<\/p>\n","protected":false},"author":1,"featured_media":21942,"comment_status":"open","ping_status":"open","sticky":false,"template":"","format":"standard","meta":{"content-type":"","footnotes":""},"categories":[115,105,9],"tags":[],"class_list":{"0":"post-21941","1":"post","2":"type-post","3":"status-publish","4":"format-standard","5":"has-post-thumbnail","7":"category-politica","8":"category-principal","9":"category-sonora"},"_links":{"self":[{"href":"https:\/\/www.regioncuatronoticias.com\/index.php\/wp-json\/wp\/v2\/posts\/21941","targetHints":{"allow":["GET"]}}],"collection":[{"href":"https:\/\/www.regioncuatronoticias.com\/index.php\/wp-json\/wp\/v2\/posts"}],"about":[{"href":"https:\/\/www.regioncuatronoticias.com\/index.php\/wp-json\/wp\/v2\/types\/post"}],"author":[{"embeddable":true,"href":"https:\/\/www.regioncuatronoticias.com\/index.php\/wp-json\/wp\/v2\/users\/1"}],"replies":[{"embeddable":true,"href":"https:\/\/www.regioncuatronoticias.com\/index.php\/wp-json\/wp\/v2\/comments?post=21941"}],"version-history":[{"count":1,"href":"https:\/\/www.regioncuatronoticias.com\/index.php\/wp-json\/wp\/v2\/posts\/21941\/revisions"}],"predecessor-version":[{"id":21943,"href":"https:\/\/www.regioncuatronoticias.com\/index.php\/wp-json\/wp\/v2\/posts\/21941\/revisions\/21943"}],"wp:featuredmedia":[{"embeddable":true,"href":"https:\/\/www.regioncuatronoticias.com\/index.php\/wp-json\/wp\/v2\/media\/21942"}],"wp:attachment":[{"href":"https:\/\/www.regioncuatronoticias.com\/index.php\/wp-json\/wp\/v2\/media?parent=21941"}],"wp:term":[{"taxonomy":"category","embeddable":true,"href":"https:\/\/www.regioncuatronoticias.com\/index.php\/wp-json\/wp\/v2\/categories?post=21941"},{"taxonomy":"post_tag","embeddable":true,"href":"https:\/\/www.regioncuatronoticias.com\/index.php\/wp-json\/wp\/v2\/tags?post=21941"}],"curies":[{"name":"wp","href":"https:\/\/api.w.org\/{rel}","templated":true}]}}